{"id":81254,"date":"2022-03-19T21:01:46","date_gmt":"2022-03-20T00:01:46","guid":{"rendered":"https:\/\/blogdoedvaldomagalhaes.com.br\/?p=81254"},"modified":"2022-03-19T21:11:33","modified_gmt":"2022-03-20T00:11:33","slug":"xxvii-passeio-da-paixao-confirmado-para-o-dia-10-04-e-camisas-ja-estao-a-venda","status":"publish","type":"post","link":"https:\/\/blogdoedvaldomagalhaes.com.br\/index.php\/2022\/03\/19\/xxvii-passeio-da-paixao-confirmado-para-o-dia-10-04-e-camisas-ja-estao-a-venda\/","title":{"rendered":"XXVII Passeio da Paix\u00e3o confirmado para o dia 10\/04 e camisas j\u00e1 est\u00e3o \u00e0 venda"},"content":{"rendered":"<p style=\"text-align: justify;\">Confirmado para o dia 10 de abril o tradicional Passeio da Paix\u00e3o. Com percurso entre a cidade de Caruaru e o distrito de Fazenda Nova, em Brejo da Madre de Deus. A concentra\u00e7\u00e3o ser\u00e1 em frente a coletoria a partir das 07h, onde ser\u00e1 servido o caf\u00e9 da manh\u00e3 gratuito para todos participantes.<\/p>\n<p style=\"text-align: justify;\">Haver\u00e1 sorteio de brindes, oferecidos pelos patrocinadores e pela organiza\u00e7\u00e3o do evento, para aqueles que adquirirem a camisa do passeio que j\u00e1 est\u00e3o \u00e0 venda pelo valor simb\u00f3lico de R$ 15,00 (quinze reais).<\/p>\n<p style=\"text-align: justify;\">A sa\u00edda do XXVII Passeio da Paix\u00e3o,&nbsp; est\u00e1 prevista para 10h da manh\u00e3,&nbsp; onde com um bate e volta para manter a tradi\u00e7\u00e3o do passeio, mas, a recep\u00e7\u00e3o est\u00e1 programada para ocorrer em Caruaru, com o apoio da prefeitura.<\/p>\n<p style=\"text-align: justify;\">Todos os motociclistas de Caruaru e regi\u00e3o est\u00e3o convidados para participar deste grande evento.<\/p>\n<p style=\"text-align: justify;\">Realiza\u00e7\u00e3o: Moto Clube \u00c1guias Do Agreste.<\/p>\n\n\n<figure class=\"wp-block-image size-large\"><img loading=\"lazy\" decoding=\"async\" width=\"576\" height=\"1024\" src=\"https:\/\/blogdoedvaldomagalhaes.com.br\/wp-content\/uploads\/2022\/03\/IMG-20220314-WA0389-576x1024.jpg\" alt=\"\" class=\"wp-image-81257\" srcset=\"https:\/\/blogdoedvaldomagalhaes.com.br\/wp-content\/uploads\/2022\/03\/IMG-20220314-WA0389-576x1024.jpg 576w, https:\/\/blogdoedvaldomagalhaes.com.br\/wp-content\/uploads\/2022\/03\/IMG-20220314-WA0389-169x300.jpg 169w, https:\/\/blogdoedvaldomagalhaes.com.br\/wp-content\/uploads\/2022\/03\/IMG-20220314-WA0389.jpg 720w\" sizes=\"auto, (max-width: 576px) 100vw, 576px\" \/><\/figure>\n\n\n\n<figure class=\"wp-block-image size-large\"><img loading=\"lazy\" decoding=\"async\" width=\"1024\" height=\"1024\" src=\"https:\/\/blogdoedvaldomagalhaes.com.br\/wp-content\/uploads\/2022\/03\/IMG-20220314-WA0388-1024x1024.jpg\" alt=\"\" class=\"wp-image-81260\" srcset=\"https:\/\/blogdoedvaldomagalhaes.com.br\/wp-content\/uploads\/2022\/03\/IMG-20220314-WA0388-1024x1024.jpg 1024w, https:\/\/blogdoedvaldomagalhaes.com.br\/wp-content\/uploads\/2022\/03\/IMG-20220314-WA0388-300x300.jpg 300w, https:\/\/blogdoedvaldomagalhaes.com.br\/wp-content\/uploads\/2022\/03\/IMG-20220314-WA0388-150x150.jpg 150w, https:\/\/blogdoedvaldomagalhaes.com.br\/wp-content\/uploads\/2022\/03\/IMG-20220314-WA0388-768x768.jpg 768w, https:\/\/blogdoedvaldomagalhaes.com.br\/wp-content\/uploads\/2022\/03\/IMG-20220314-WA0388.jpg 1080w\" sizes=\"auto, (max-width: 1024px) 100vw, 1024px\" \/><\/figure>\n\n\n\n<figure class=\"wp-block-image size-large\"><img loading=\"lazy\" decoding=\"async\" width=\"1024\" height=\"1024\" src=\"https:\/\/blogdoedvaldomagalhaes.com.br\/wp-content\/uploads\/2022\/03\/IMG-20220314-WA0387-1024x1024.jpg\" alt=\"\" class=\"wp-image-81263\" srcset=\"https:\/\/blogdoedvaldomagalhaes.com.br\/wp-content\/uploads\/2022\/03\/IMG-20220314-WA0387-1024x1024.jpg 1024w, https:\/\/blogdoedvaldomagalhaes.com.br\/wp-content\/uploads\/2022\/03\/IMG-20220314-WA0387-300x300.jpg 300w, https:\/\/blogdoedvaldomagalhaes.com.br\/wp-content\/uploads\/2022\/03\/IMG-20220314-WA0387-150x150.jpg 150w, https:\/\/blogdoedvaldomagalhaes.com.br\/wp-content\/uploads\/2022\/03\/IMG-20220314-WA0387-768x768.jpg 768w, https:\/\/blogdoedvaldomagalhaes.com.br\/wp-content\/uploads\/2022\/03\/IMG-20220314-WA0387.jpg 1080w\" sizes=\"auto, (max-width: 1024px) 100vw, 1024px\" \/><\/figure>\n","protected":false},"excerpt":{"rendered":"<p>Confirmado para o dia 10 de abril o tradicional Passeio da Paix\u00e3o. Com percurso entre a cidade de Caruaru e&hellip;<\/p>\n","protected":false},"author":1,"featured_media":81255,"comment_status":"open","ping_status":"open","sticky":false,"template":"","format":"standard","meta":{"footnotes":""},"categories":[14120],"tags":[2,19532,3406,24223],"class_list":["post-81254","post","type-post","status-publish","format-standard","has-post-thumbnail","hentry","category-noticias","tag-blog-do-edvaldo-magalhaes","tag-blog-mais-acessado-e-visualizado-de-caruaru-e-regiao","tag-caruaru","tag-xxvii-passeio-da-paixao-confirmado-para-o-dia-10-04-e-camisas-ja-estao-a-venda"],"_links":{"self":[{"href":"https:\/\/blogdoedvaldomagalhaes.com.br\/index.php\/wp-json\/wp\/v2\/posts\/81254","targetHints":{"allow":["GET"]}}],"collection":[{"href":"https:\/\/blogdoedvaldomagalhaes.com.br\/index.php\/wp-json\/wp\/v2\/posts"}],"about":[{"href":"https:\/\/blogdoedvaldomagalhaes.com.br\/index.php\/wp-json\/wp\/v2\/types\/post"}],"author":[{"embeddable":true,"href":"https:\/\/blogdoedvaldomagalhaes.com.br\/index.php\/wp-json\/wp\/v2\/users\/1"}],"replies":[{"embeddable":true,"href":"https:\/\/blogdoedvaldomagalhaes.com.br\/index.php\/wp-json\/wp\/v2\/comments?post=81254"}],"version-history":[{"count":4,"href":"https:\/\/blogdoedvaldomagalhaes.com.br\/index.php\/wp-json\/wp\/v2\/posts\/81254\/revisions"}],"predecessor-version":[{"id":81264,"href":"https:\/\/blogdoedvaldomagalhaes.com.br\/index.php\/wp-json\/wp\/v2\/posts\/81254\/revisions\/81264"}],"wp:featuredmedia":[{"embeddable":true,"href":"https:\/\/blogdoedvaldomagalhaes.com.br\/index.php\/wp-json\/wp\/v2\/media\/81255"}],"wp:attachment":[{"href":"https:\/\/blogdoedvaldomagalhaes.com.br\/index.php\/wp-json\/wp\/v2\/media?parent=81254"}],"wp:term":[{"taxonomy":"category","embeddable":true,"href":"https:\/\/blogdoedvaldomagalhaes.com.br\/index.php\/wp-json\/wp\/v2\/categories?post=81254"},{"taxonomy":"post_tag","embeddable":true,"href":"https:\/\/blogdoedvaldomagalhaes.com.br\/index.php\/wp-json\/wp\/v2\/tags?post=81254"}],"curies":[{"name":"wp","href":"https:\/\/api.w.org\/{rel}","templated":true}]}}