{"id":81249,"date":"2022-03-19T20:17:36","date_gmt":"2022-03-19T23:17:36","guid":{"rendered":"https:\/\/blogdoedvaldomagalhaes.com.br\/?p=81249"},"modified":"2022-03-19T20:17:37","modified_gmt":"2022-03-19T23:17:37","slug":"vereador-irmao-ronaldo-solicita-operacao-tapa-buracos-na-cidade-e-melhorias-na-zona-rural","status":"publish","type":"post","link":"https:\/\/blogdoedvaldomagalhaes.com.br\/index.php\/2022\/03\/19\/vereador-irmao-ronaldo-solicita-operacao-tapa-buracos-na-cidade-e-melhorias-na-zona-rural\/","title":{"rendered":"Vereador Irm\u00e3o Ronaldo solicita opera\u00e7\u00e3o tapa buracos na cidade e melhorias na zona rural"},"content":{"rendered":"<p style=\"text-align: justify;\">O vereador Irm\u00e3o Ronaldo esteve com o secret\u00e1rio de agricultura Bruno Fran\u00e7a solicitando melhorias para zona rural de Caruaru, m\u00e1quinas para ara\u00e7\u00e3o de terras, limpeza de barreiros, terraplanagem para as estradas e \u00e1gua pot\u00e1vel para todos, solicitou ainda doa\u00e7\u00e3o de sementes para o agricultor plantar e garantir sua sustentabilidade no campo.<\/p>\n\n\n<figure class=\"wp-block-image size-large\"><img loading=\"lazy\" decoding=\"async\" width=\"775\" height=\"1024\" src=\"https:\/\/blogdoedvaldomagalhaes.com.br\/wp-content\/uploads\/2022\/03\/IMG-20220319-WA0256-775x1024.jpg\" alt=\"\" class=\"wp-image-81251\" srcset=\"https:\/\/blogdoedvaldomagalhaes.com.br\/wp-content\/uploads\/2022\/03\/IMG-20220319-WA0256-775x1024.jpg 775w, https:\/\/blogdoedvaldomagalhaes.com.br\/wp-content\/uploads\/2022\/03\/IMG-20220319-WA0256-227x300.jpg 227w, https:\/\/blogdoedvaldomagalhaes.com.br\/wp-content\/uploads\/2022\/03\/IMG-20220319-WA0256-768x1015.jpg 768w, https:\/\/blogdoedvaldomagalhaes.com.br\/wp-content\/uploads\/2022\/03\/IMG-20220319-WA0256.jpg 811w\" sizes=\"auto, (max-width: 775px) 100vw, 775px\" \/><\/figure>\n\n\n<p style=\"text-align: justify;\">O vereador irm\u00e3o Ronaldo esteve tamb\u00e9m na secretaria de Infraestrutura e Obras conversando e solicitando a Dany gerente de manuten\u00e7\u00e3o, para repassar para o secretario Rodrigo Miranda as demandas da cidade, Opera\u00e7\u00e3o tapa buracos em todos os bairros de Caruaru, dois pontilh\u00f5es e a canaliza\u00e7\u00e3o das ruas: S\u00e3o L\u00e1zaro e Pedro guarda, entre outras obras de cal\u00e7amento e saneamento, pra\u00e7as e escolas.<\/p>\n<p style=\"text-align: justify;\">Vereador Irm\u00e3o Ronaldo reiterou Requerimento 852\/2021 para que a prefeitura viabilize a constru\u00e7\u00e3o de arquibancadas, vesti\u00e1rio e banheiros, bem como a instala\u00e7\u00e3o de Refletores no Campo de Futebol localizado por traz da Escola Presidente Kennedy no bairro Posto Agamenon neste munic\u00edpio.<\/p>\n<p style=\"text-align: justify;\">Reiterou Requerimento 850\/2021 para que a prefeitura fa\u00e7a a constru\u00e7\u00e3o de cal\u00e7amento na Travessa Padre Zacarias, bairro Posto Agamenon, neste munic\u00edpio.<\/p>\n<p style=\"text-align: justify;\">Reiterado Requerimento 851\/2021 para que a prefeitura construa o cal\u00e7amento na Rua Daniela Perez, bairro Posto Agamenon, neste munic\u00edpio.<\/p>\n<p style=\"text-align: justify;\">REQUERIMENTO n\u00ba 760 de 2022 Pede que se Viabilize Servi\u00e7o de Opera\u00e7\u00e3o Tapa Buracos ao longo da Rua S\u00e3o Vicente F\u00e9rrer, Jardim Boa Vista.<\/p>\n<p style=\"text-align: justify;\">REQUERIMENTO n\u00ba 758 de 2022 Para que se Viabilizem dois Pontilh\u00f5es com a devida canaliza\u00e7\u00e3o iniciando o primeiro na entrada da Rua S\u00e3o Lazaro interligando a Rua Pedro Guarda concluindo assim o segundo Pontilh\u00e3o, as fotos mostram claramente o local dos dois Pontilh\u00f5es, no bairro Severino Afonso.<\/p>\n<p style=\"text-align: justify;\"><span style=\"font-size: inherit;\">Reiterado Requerimento 843\/2021 para que se viabilize o Saneamento B\u00e1sico, a Pavimenta\u00e7\u00e3o com Cal\u00e7amento e o Cadastro com a fixa\u00e7\u00e3o das referidas placas de identifica\u00e7\u00e3o constando nome e CEP das Ruas da Vila Campos, Bairro Posto Agamenon, que j\u00e1 foram aprovadas suas denomina\u00e7\u00f5es pelos Projetos de Lei conforme Requerimento de n\u00famero 843\/2021.<\/span><\/p>\n<p style=\"text-align: justify;\">Reiterado Requerimento 772\/2021 para que se viabilize a Pavimenta\u00e7\u00e3o com cal\u00e7amento e o Cadastro com as referidas placas de identifica\u00e7\u00e3o constando nome e CEP das Ruas: Jos\u00e9 Ferreira de Almeida e Jo\u00e3o Martins, ambas localizadas no bairro Jos\u00e9 Carlos de Oliveira.<\/p>\n<p style=\"text-align: justify;\">Reiterado Requerimento 771\/2021 para que se viabilize a Pavimenta\u00e7\u00e3o com cal\u00e7amento e o Cadastro com a referida placa de identifica\u00e7\u00e3o constando nome e CEP da Rua: Ur\u00e2nio, localizada no bairro Jos\u00e9 Carlos de Oliveira.<\/p>\n<p style=\"text-align: justify;\">Em tramita\u00e7\u00e3o o Projeto de Lei n\u00ba 9248 de 2022 Disp\u00f5e sobre a realiza\u00e7\u00e3o de Teste do Olhinho nas Unidades B\u00e1sicas de Sa\u00fade e da outras provid\u00eancias.<\/p>","protected":false},"excerpt":{"rendered":"<p>O vereador Irm\u00e3o Ronaldo esteve com o secret\u00e1rio de agricultura Bruno Fran\u00e7a solicitando melhorias para zona rural de Caruaru, m\u00e1quinas&hellip;<\/p>\n","protected":false},"author":1,"featured_media":81250,"comment_status":"open","ping_status":"open","sticky":false,"template":"","format":"standard","meta":{"footnotes":""},"categories":[14122],"tags":[2,19532,3406,24222],"class_list":["post-81249","post","type-post","status-publish","format-standard","has-post-thumbnail","hentry","category-politica","tag-blog-do-edvaldo-magalhaes","tag-blog-mais-acessado-e-visualizado-de-caruaru-e-regiao","tag-caruaru","tag-vereador-irmao-ronaldo-solicita-operacao-tapa-buracos-na-cidade-e-melhorias-na-zona-rural"],"_links":{"self":[{"href":"https:\/\/blogdoedvaldomagalhaes.com.br\/index.php\/wp-json\/wp\/v2\/posts\/81249","targetHints":{"allow":["GET"]}}],"collection":[{"href":"https:\/\/blogdoedvaldomagalhaes.com.br\/index.php\/wp-json\/wp\/v2\/posts"}],"about":[{"href":"https:\/\/blogdoedvaldomagalhaes.com.br\/index.php\/wp-json\/wp\/v2\/types\/post"}],"author":[{"embeddable":true,"href":"https:\/\/blogdoedvaldomagalhaes.com.br\/index.php\/wp-json\/wp\/v2\/users\/1"}],"replies":[{"embeddable":true,"href":"https:\/\/blogdoedvaldomagalhaes.com.br\/index.php\/wp-json\/wp\/v2\/comments?post=81249"}],"version-history":[{"count":1,"href":"https:\/\/blogdoedvaldomagalhaes.com.br\/index.php\/wp-json\/wp\/v2\/posts\/81249\/revisions"}],"predecessor-version":[{"id":81252,"href":"https:\/\/blogdoedvaldomagalhaes.com.br\/index.php\/wp-json\/wp\/v2\/posts\/81249\/revisions\/81252"}],"wp:featuredmedia":[{"embeddable":true,"href":"https:\/\/blogdoedvaldomagalhaes.com.br\/index.php\/wp-json\/wp\/v2\/media\/81250"}],"wp:attachment":[{"href":"https:\/\/blogdoedvaldomagalhaes.com.br\/index.php\/wp-json\/wp\/v2\/media?parent=81249"}],"wp:term":[{"taxonomy":"category","embeddable":true,"href":"https:\/\/blogdoedvaldomagalhaes.com.br\/index.php\/wp-json\/wp\/v2\/categories?post=81249"},{"taxonomy":"post_tag","embeddable":true,"href":"https:\/\/blogdoedvaldomagalhaes.com.br\/index.php\/wp-json\/wp\/v2\/tags?post=81249"}],"curies":[{"name":"wp","href":"https:\/\/api.w.org\/{rel}","templated":true}]}}