{"id":81246,"date":"2022-03-19T19:05:52","date_gmt":"2022-03-19T22:05:52","guid":{"rendered":"https:\/\/blogdoedvaldomagalhaes.com.br\/?p=81246"},"modified":"2022-03-19T22:04:17","modified_gmt":"2022-03-20T01:04:17","slug":"policial-e-preso-em-caruaru-suspeito-de-estuprar-mulher-em-delegacia","status":"publish","type":"post","link":"https:\/\/blogdoedvaldomagalhaes.com.br\/index.php\/2022\/03\/19\/policial-e-preso-em-caruaru-suspeito-de-estuprar-mulher-em-delegacia\/","title":{"rendered":"Policial \u00e9 preso em Caruaru suspeito de estuprar mulher em Delegacia"},"content":{"rendered":"<p style=\"text-align: justify;\">Um agente da Pol\u00edcia Civil foi preso em Caruaru, suspeito de estuprar uma mulher dentro de uma Delegacia. O caso ocorreu na quinta-feira (17) e foi confirmado nessa sexta-feira (18).<\/p>\n<p style=\"text-align: justify;\">A Justi\u00e7a decretou a pris\u00e3o preventiva e o policial que n\u00e3o teve o nome divulgado, foi encaminhado ao Corel, em Abreu e Lima, no Grande Recife. A Corregedoria Geral da Secretaria de Defesa Social (SDS) instaurou Procedimento Administrativo, que poder\u00e1 culminar em demiss\u00e3o.<\/p>\n<p>Foto: Izaias Rodrigues.<\/p>\n","protected":false},"excerpt":{"rendered":"<p>Um agente da Pol\u00edcia Civil foi preso em Caruaru, suspeito de estuprar uma mulher dentro de uma Delegacia. O caso&hellip;<\/p>\n","protected":false},"author":1,"featured_media":81247,"comment_status":"open","ping_status":"open","sticky":false,"template":"","format":"standard","meta":{"footnotes":""},"categories":[14121],"tags":[2,19532,3406,24221],"class_list":["post-81246","post","type-post","status-publish","format-standard","has-post-thumbnail","hentry","category-policial","tag-blog-do-edvaldo-magalhaes","tag-blog-mais-acessado-e-visualizado-de-caruaru-e-regiao","tag-caruaru","tag-policial-e-preso-em-caruaru-suspeito-de-estuprar-mulher-em-delegacia"],"_links":{"self":[{"href":"https:\/\/blogdoedvaldomagalhaes.com.br\/index.php\/wp-json\/wp\/v2\/posts\/81246","targetHints":{"allow":["GET"]}}],"collection":[{"href":"https:\/\/blogdoedvaldomagalhaes.com.br\/index.php\/wp-json\/wp\/v2\/posts"}],"about":[{"href":"https:\/\/blogdoedvaldomagalhaes.com.br\/index.php\/wp-json\/wp\/v2\/types\/post"}],"author":[{"embeddable":true,"href":"https:\/\/blogdoedvaldomagalhaes.com.br\/index.php\/wp-json\/wp\/v2\/users\/1"}],"replies":[{"embeddable":true,"href":"https:\/\/blogdoedvaldomagalhaes.com.br\/index.php\/wp-json\/wp\/v2\/comments?post=81246"}],"version-history":[{"count":2,"href":"https:\/\/blogdoedvaldomagalhaes.com.br\/index.php\/wp-json\/wp\/v2\/posts\/81246\/revisions"}],"predecessor-version":[{"id":81268,"href":"https:\/\/blogdoedvaldomagalhaes.com.br\/index.php\/wp-json\/wp\/v2\/posts\/81246\/revisions\/81268"}],"wp:featuredmedia":[{"embeddable":true,"href":"https:\/\/blogdoedvaldomagalhaes.com.br\/index.php\/wp-json\/wp\/v2\/media\/81247"}],"wp:attachment":[{"href":"https:\/\/blogdoedvaldomagalhaes.com.br\/index.php\/wp-json\/wp\/v2\/media?parent=81246"}],"wp:term":[{"taxonomy":"category","embeddable":true,"href":"https:\/\/blogdoedvaldomagalhaes.com.br\/index.php\/wp-json\/wp\/v2\/categories?post=81246"},{"taxonomy":"post_tag","embeddable":true,"href":"https:\/\/blogdoedvaldomagalhaes.com.br\/index.php\/wp-json\/wp\/v2\/tags?post=81246"}],"curies":[{"name":"wp","href":"https:\/\/api.w.org\/{rel}","templated":true}]}}