{"id":81242,"date":"2022-03-19T14:19:08","date_gmt":"2022-03-19T17:19:08","guid":{"rendered":"https:\/\/blogdoedvaldomagalhaes.com.br\/?p=81242"},"modified":"2022-03-19T14:19:09","modified_gmt":"2022-03-19T17:19:09","slug":"pequenos-agricultores-de-caruaru-ja-podem-pegar-sementes-no-bloco-c-da-prefeitura","status":"publish","type":"post","link":"https:\/\/blogdoedvaldomagalhaes.com.br\/index.php\/2022\/03\/19\/pequenos-agricultores-de-caruaru-ja-podem-pegar-sementes-no-bloco-c-da-prefeitura\/","title":{"rendered":"Pequenos agricultores de Caruaru j\u00e1 podem pegar sementes no Bloco C da prefeitura"},"content":{"rendered":"<p style=\"text-align: justify;\"><span style=\"font-size: inherit;\">A Secretaria de Desenvolvimento Rural, disponibiliza, gratuitamente, sementes do Programa Municipal de Distribui\u00e7\u00e3o de Sementes para os pequenos produtores rurais. Ao todo ser\u00e3o distribu\u00eddas 17 toneladas de sementes, sendo dez de milho e cinco de feij\u00e3o para o plantio, al\u00e9m de duas de sorgo forrageiro para alimenta\u00e7\u00e3o de animais nos per\u00edodos de escassez. Cerca de duas mil fam\u00edlias de agricultores ser\u00e3o beneficiadas.<\/span><\/p>\n<p style=\"text-align: justify;\">A a\u00e7\u00e3o tem como objetivo apoiar e fortalecer o desenvolvimento da agricultura familiar, com a eleva\u00e7\u00e3o e efici\u00eancia da produ\u00e7\u00e3o agr\u00edcola, ofertando mais gera\u00e7\u00e3o de renda e qualidade de vida para o agricultor.<\/p>\n<p style=\"text-align: justify;\">Para o secret\u00e1rio de Desenvolvimento Rural de Caruaru, Bruno Fran\u00e7a, o munic\u00edpio tem buscado alternativas de melhorias para os agricultores com a distribui\u00e7\u00e3o de sementes de qualidade para o in\u00edcio do plantio de milho no per\u00edodo de maior necessidade, quando come\u00e7a a temporada de chuva.<\/p>\n<p style=\"text-align: justify;\">\u201cA Secretaria de Desenvolvimento n\u00e3o vem medindo esfor\u00e7os para incentivar o produtor rural do nosso munic\u00edpio com a distribui\u00e7\u00e3o de sementes. Isso faz parte do programa que assegura as condi\u00e7\u00f5es para os agricultores familiares fazerem e garantirem a colheita em suas \u00e1reas, estimulando o plantio familiar\u201d, enfatizou.<\/p>\n","protected":false},"excerpt":{"rendered":"<p>A Secretaria de Desenvolvimento Rural, disponibiliza, gratuitamente, sementes do Programa Municipal de Distribui\u00e7\u00e3o de Sementes para os pequenos produtores rurais.&hellip;<\/p>\n","protected":false},"author":1,"featured_media":81243,"comment_status":"open","ping_status":"open","sticky":false,"template":"","format":"standard","meta":{"footnotes":""},"categories":[14120],"tags":[2,19532,3406,24220],"class_list":["post-81242","post","type-post","status-publish","format-standard","has-post-thumbnail","hentry","category-noticias","tag-blog-do-edvaldo-magalhaes","tag-blog-mais-acessado-e-visualizado-de-caruaru-e-regiao","tag-caruaru","tag-pequenos-agricultores-de-caruaru-ja-podem-pegar-sementes-no-bloco-c-da-prefeitura"],"_links":{"self":[{"href":"https:\/\/blogdoedvaldomagalhaes.com.br\/index.php\/wp-json\/wp\/v2\/posts\/81242","targetHints":{"allow":["GET"]}}],"collection":[{"href":"https:\/\/blogdoedvaldomagalhaes.com.br\/index.php\/wp-json\/wp\/v2\/posts"}],"about":[{"href":"https:\/\/blogdoedvaldomagalhaes.com.br\/index.php\/wp-json\/wp\/v2\/types\/post"}],"author":[{"embeddable":true,"href":"https:\/\/blogdoedvaldomagalhaes.com.br\/index.php\/wp-json\/wp\/v2\/users\/1"}],"replies":[{"embeddable":true,"href":"https:\/\/blogdoedvaldomagalhaes.com.br\/index.php\/wp-json\/wp\/v2\/comments?post=81242"}],"version-history":[{"count":1,"href":"https:\/\/blogdoedvaldomagalhaes.com.br\/index.php\/wp-json\/wp\/v2\/posts\/81242\/revisions"}],"predecessor-version":[{"id":81244,"href":"https:\/\/blogdoedvaldomagalhaes.com.br\/index.php\/wp-json\/wp\/v2\/posts\/81242\/revisions\/81244"}],"wp:featuredmedia":[{"embeddable":true,"href":"https:\/\/blogdoedvaldomagalhaes.com.br\/index.php\/wp-json\/wp\/v2\/media\/81243"}],"wp:attachment":[{"href":"https:\/\/blogdoedvaldomagalhaes.com.br\/index.php\/wp-json\/wp\/v2\/media?parent=81242"}],"wp:term":[{"taxonomy":"category","embeddable":true,"href":"https:\/\/blogdoedvaldomagalhaes.com.br\/index.php\/wp-json\/wp\/v2\/categories?post=81242"},{"taxonomy":"post_tag","embeddable":true,"href":"https:\/\/blogdoedvaldomagalhaes.com.br\/index.php\/wp-json\/wp\/v2\/tags?post=81242"}],"curies":[{"name":"wp","href":"https:\/\/api.w.org\/{rel}","templated":true}]}}