{"id":81236,"date":"2022-03-19T13:49:00","date_gmt":"2022-03-19T16:49:00","guid":{"rendered":"https:\/\/blogdoedvaldomagalhaes.com.br\/?p=81236"},"modified":"2022-03-19T13:53:44","modified_gmt":"2022-03-19T16:53:44","slug":"trafego-de-veiculos-e-liberado-na-br-104-em-caruaru","status":"publish","type":"post","link":"https:\/\/blogdoedvaldomagalhaes.com.br\/index.php\/2022\/03\/19\/trafego-de-veiculos-e-liberado-na-br-104-em-caruaru\/","title":{"rendered":"Tr\u00e1fego de ve\u00edculos \u00e9   liberado na BR 104 em Caruaru"},"content":{"rendered":"<p style=\"text-align: justify;\">A Compesa informa que ap\u00f3s cumpridas as etapas de recupera\u00e7\u00e3o do km 67 da BR 104, que foi danificado no \u00faltimo dia 26, ap\u00f3s rompimento de tubula\u00e7\u00e3o de \u00e1gua de grande porte, o servi\u00e7o foi finalizado na manh\u00e3 de hoje (19), nove dias antes do prazo previsto, gra\u00e7as aos esfor\u00e7os de toda a equipe envolvida.<\/p>\n<p style=\"text-align: justify;\">A Companhia informa ainda que, ap\u00f3s informar ao DNIT (Departamento Nacional de Infraestrutura de Transportes) e a PRF (Pol\u00edcia Rodovi\u00e1ria Federal), o tr\u00e1fego para os ve\u00edculos foi liberado neste s\u00e1bado (19).<\/p>\n","protected":false},"excerpt":{"rendered":"<p>A Compesa informa que ap\u00f3s cumpridas as etapas de recupera\u00e7\u00e3o do km 67 da BR 104, que foi danificado no&hellip;<\/p>\n","protected":false},"author":1,"featured_media":81239,"comment_status":"open","ping_status":"open","sticky":false,"template":"","format":"standard","meta":{"footnotes":""},"categories":[14120],"tags":[2,19532,3406],"class_list":["post-81236","post","type-post","status-publish","format-standard","has-post-thumbnail","hentry","category-noticias","tag-blog-do-edvaldo-magalhaes","tag-blog-mais-acessado-e-visualizado-de-caruaru-e-regiao","tag-caruaru"],"_links":{"self":[{"href":"https:\/\/blogdoedvaldomagalhaes.com.br\/index.php\/wp-json\/wp\/v2\/posts\/81236","targetHints":{"allow":["GET"]}}],"collection":[{"href":"https:\/\/blogdoedvaldomagalhaes.com.br\/index.php\/wp-json\/wp\/v2\/posts"}],"about":[{"href":"https:\/\/blogdoedvaldomagalhaes.com.br\/index.php\/wp-json\/wp\/v2\/types\/post"}],"author":[{"embeddable":true,"href":"https:\/\/blogdoedvaldomagalhaes.com.br\/index.php\/wp-json\/wp\/v2\/users\/1"}],"replies":[{"embeddable":true,"href":"https:\/\/blogdoedvaldomagalhaes.com.br\/index.php\/wp-json\/wp\/v2\/comments?post=81236"}],"version-history":[{"count":2,"href":"https:\/\/blogdoedvaldomagalhaes.com.br\/index.php\/wp-json\/wp\/v2\/posts\/81236\/revisions"}],"predecessor-version":[{"id":81241,"href":"https:\/\/blogdoedvaldomagalhaes.com.br\/index.php\/wp-json\/wp\/v2\/posts\/81236\/revisions\/81241"}],"wp:featuredmedia":[{"embeddable":true,"href":"https:\/\/blogdoedvaldomagalhaes.com.br\/index.php\/wp-json\/wp\/v2\/media\/81239"}],"wp:attachment":[{"href":"https:\/\/blogdoedvaldomagalhaes.com.br\/index.php\/wp-json\/wp\/v2\/media?parent=81236"}],"wp:term":[{"taxonomy":"category","embeddable":true,"href":"https:\/\/blogdoedvaldomagalhaes.com.br\/index.php\/wp-json\/wp\/v2\/categories?post=81236"},{"taxonomy":"post_tag","embeddable":true,"href":"https:\/\/blogdoedvaldomagalhaes.com.br\/index.php\/wp-json\/wp\/v2\/tags?post=81236"}],"curies":[{"name":"wp","href":"https:\/\/api.w.org\/{rel}","templated":true}]}}