{"id":81183,"date":"2022-03-17T09:41:03","date_gmt":"2022-03-17T12:41:03","guid":{"rendered":"https:\/\/blogdoedvaldomagalhaes.com.br\/?p=81183"},"modified":"2022-03-17T09:45:00","modified_gmt":"2022-03-17T12:45:00","slug":"professores-da-rede-municipal-de-ensino-de-caruaru-suspendem-greve","status":"publish","type":"post","link":"https:\/\/blogdoedvaldomagalhaes.com.br\/index.php\/2022\/03\/17\/professores-da-rede-municipal-de-ensino-de-caruaru-suspendem-greve\/","title":{"rendered":"Professores da rede municipal de ensino de Caruaru suspendem greve"},"content":{"rendered":"<p style=\"text-align: justify;\">A greve dos professores da rede municipal de ensino de Caruaru, deflagrada na segunda-feira (14), foi suspensa nessa quarta-feira (16). A decis\u00e3o foi tomada em assembleia ap\u00f3s a Justi\u00e7a considerar a paralisa\u00e7\u00e3o ilegal.<\/p>\n<p style=\"text-align: justify;\">A categoria reivindica a aplica\u00e7\u00e3o do percentual de 33,24%, retroativo a janeiro deste ano, para todos os professores e reajuste salarial de 12,64% de 2020, de acordo com o plano de cargos e carreiras.<\/p>\n","protected":false},"excerpt":{"rendered":"<p>A greve dos professores da rede municipal de ensino de Caruaru, deflagrada na segunda-feira (14), foi suspensa nessa quarta-feira (16).&hellip;<\/p>\n","protected":false},"author":1,"featured_media":81185,"comment_status":"open","ping_status":"open","sticky":false,"template":"","format":"standard","meta":{"footnotes":""},"categories":[14120],"tags":[2,19532,3406,24205],"class_list":["post-81183","post","type-post","status-publish","format-standard","has-post-thumbnail","hentry","category-noticias","tag-blog-do-edvaldo-magalhaes","tag-blog-mais-acessado-e-visualizado-de-caruaru-e-regiao","tag-caruaru","tag-professores-da-rede-municipal-de-ensino-de-caruaru-suspendem-greve"],"_links":{"self":[{"href":"https:\/\/blogdoedvaldomagalhaes.com.br\/index.php\/wp-json\/wp\/v2\/posts\/81183","targetHints":{"allow":["GET"]}}],"collection":[{"href":"https:\/\/blogdoedvaldomagalhaes.com.br\/index.php\/wp-json\/wp\/v2\/posts"}],"about":[{"href":"https:\/\/blogdoedvaldomagalhaes.com.br\/index.php\/wp-json\/wp\/v2\/types\/post"}],"author":[{"embeddable":true,"href":"https:\/\/blogdoedvaldomagalhaes.com.br\/index.php\/wp-json\/wp\/v2\/users\/1"}],"replies":[{"embeddable":true,"href":"https:\/\/blogdoedvaldomagalhaes.com.br\/index.php\/wp-json\/wp\/v2\/comments?post=81183"}],"version-history":[{"count":2,"href":"https:\/\/blogdoedvaldomagalhaes.com.br\/index.php\/wp-json\/wp\/v2\/posts\/81183\/revisions"}],"predecessor-version":[{"id":81186,"href":"https:\/\/blogdoedvaldomagalhaes.com.br\/index.php\/wp-json\/wp\/v2\/posts\/81183\/revisions\/81186"}],"wp:featuredmedia":[{"embeddable":true,"href":"https:\/\/blogdoedvaldomagalhaes.com.br\/index.php\/wp-json\/wp\/v2\/media\/81185"}],"wp:attachment":[{"href":"https:\/\/blogdoedvaldomagalhaes.com.br\/index.php\/wp-json\/wp\/v2\/media?parent=81183"}],"wp:term":[{"taxonomy":"category","embeddable":true,"href":"https:\/\/blogdoedvaldomagalhaes.com.br\/index.php\/wp-json\/wp\/v2\/categories?post=81183"},{"taxonomy":"post_tag","embeddable":true,"href":"https:\/\/blogdoedvaldomagalhaes.com.br\/index.php\/wp-json\/wp\/v2\/tags?post=81183"}],"curies":[{"name":"wp","href":"https:\/\/api.w.org\/{rel}","templated":true}]}}