{"id":81166,"date":"2022-03-16T19:56:07","date_gmt":"2022-03-16T22:56:07","guid":{"rendered":"https:\/\/blogdoedvaldomagalhaes.com.br\/?p=81166"},"modified":"2022-03-16T20:18:34","modified_gmt":"2022-03-16T23:18:34","slug":"vereador-irmao-ronaldo-participa-da-entrega-de-maquinas-tratores-e-17-toneladas-de-sementes-para-os-agricultores","status":"publish","type":"post","link":"https:\/\/blogdoedvaldomagalhaes.com.br\/index.php\/2022\/03\/16\/vereador-irmao-ronaldo-participa-da-entrega-de-maquinas-tratores-e-17-toneladas-de-sementes-para-os-agricultores\/","title":{"rendered":"Vereador Irm\u00e3o Ronaldo participa da entrega de m\u00e1quinas, tratores e 17 toneladas de sementes para os agricultores"},"content":{"rendered":"<p style=\"text-align: justify;\">O vereador Irm\u00e3o Ronaldo participou da entrega de m\u00e1quinas, tratores para ara\u00e7\u00e3o de terras e dezessete toneladas de sementes para os agricultores de Caruaru plantar, na manh\u00e3 desta quarta-feira (16), no Bloco C da prefeitura.<\/p>\n<p style=\"text-align: justify;\">O vereador Irm\u00e3o Ronaldo esteve junto com a prefeita Raquel Lyra e o esposo dela Fernando Lucena (foto), vice-prefeito Rodrigo Pinheiro, secret\u00e1rio municipal de Desenvolvimento Rural Sustent\u00e1vel Bruno Fran\u00e7a e outros vereadores.<\/p>\n<p style=\"text-align: justify;\">&#8220;Sinto-me muito feliz, em participar deste momento t\u00e3o bonito e importante para os nossos agricultores.&nbsp; Essas entregas v\u00e3o beneficiar muito os trabalhadores rurais&#8221;, disse Irm\u00e3o Ronaldo.<\/p>\n\n\n<figure class=\"wp-block-image size-large\"><img loading=\"lazy\" decoding=\"async\" width=\"1024\" height=\"577\" src=\"https:\/\/blogdoedvaldomagalhaes.com.br\/wp-content\/uploads\/2022\/03\/IMG-20220316-WA0192-1024x577.jpg\" alt=\"\" class=\"wp-image-81169\" srcset=\"https:\/\/blogdoedvaldomagalhaes.com.br\/wp-content\/uploads\/2022\/03\/IMG-20220316-WA0192-1024x577.jpg 1024w, https:\/\/blogdoedvaldomagalhaes.com.br\/wp-content\/uploads\/2022\/03\/IMG-20220316-WA0192-300x169.jpg 300w, https:\/\/blogdoedvaldomagalhaes.com.br\/wp-content\/uploads\/2022\/03\/IMG-20220316-WA0192-768x432.jpg 768w, https:\/\/blogdoedvaldomagalhaes.com.br\/wp-content\/uploads\/2022\/03\/IMG-20220316-WA0192-1140x641.jpg 1140w, https:\/\/blogdoedvaldomagalhaes.com.br\/wp-content\/uploads\/2022\/03\/IMG-20220316-WA0192-720x405.jpg 720w, https:\/\/blogdoedvaldomagalhaes.com.br\/wp-content\/uploads\/2022\/03\/IMG-20220316-WA0192.jpg 1156w\" sizes=\"auto, (max-width: 1024px) 100vw, 1024px\" \/><\/figure>\n\n\n\n<figure class=\"wp-block-image size-large\"><img loading=\"lazy\" decoding=\"async\" width=\"768\" height=\"1024\" src=\"https:\/\/blogdoedvaldomagalhaes.com.br\/wp-content\/uploads\/2022\/03\/IMG-20220316-WA0190-768x1024.jpg\" alt=\"\" class=\"wp-image-81171\" srcset=\"https:\/\/blogdoedvaldomagalhaes.com.br\/wp-content\/uploads\/2022\/03\/IMG-20220316-WA0190-768x1024.jpg 768w, https:\/\/blogdoedvaldomagalhaes.com.br\/wp-content\/uploads\/2022\/03\/IMG-20220316-WA0190-225x300.jpg 225w, https:\/\/blogdoedvaldomagalhaes.com.br\/wp-content\/uploads\/2022\/03\/IMG-20220316-WA0190.jpg 867w\" sizes=\"auto, (max-width: 768px) 100vw, 768px\" \/><\/figure>\n\n\n\n<figure class=\"wp-block-image size-large\"><img loading=\"lazy\" decoding=\"async\" width=\"768\" height=\"1024\" src=\"https:\/\/blogdoedvaldomagalhaes.com.br\/wp-content\/uploads\/2022\/03\/IMG-20220316-WA0187-768x1024.jpg\" alt=\"\" class=\"wp-image-81174\" srcset=\"https:\/\/blogdoedvaldomagalhaes.com.br\/wp-content\/uploads\/2022\/03\/IMG-20220316-WA0187-768x1024.jpg 768w, https:\/\/blogdoedvaldomagalhaes.com.br\/wp-content\/uploads\/2022\/03\/IMG-20220316-WA0187-225x300.jpg 225w, https:\/\/blogdoedvaldomagalhaes.com.br\/wp-content\/uploads\/2022\/03\/IMG-20220316-WA0187.jpg 867w\" sizes=\"auto, (max-width: 768px) 100vw, 768px\" \/><\/figure>\n\n\n\n<figure class=\"wp-block-image size-large\"><img loading=\"lazy\" decoding=\"async\" width=\"1024\" height=\"768\" src=\"https:\/\/blogdoedvaldomagalhaes.com.br\/wp-content\/uploads\/2022\/03\/IMG-20220316-WA0185-1024x768.jpg\" alt=\"\" class=\"wp-image-81177\" srcset=\"https:\/\/blogdoedvaldomagalhaes.com.br\/wp-content\/uploads\/2022\/03\/IMG-20220316-WA0185-1024x768.jpg 1024w, https:\/\/blogdoedvaldomagalhaes.com.br\/wp-content\/uploads\/2022\/03\/IMG-20220316-WA0185-300x225.jpg 300w, https:\/\/blogdoedvaldomagalhaes.com.br\/wp-content\/uploads\/2022\/03\/IMG-20220316-WA0185-768x576.jpg 768w, https:\/\/blogdoedvaldomagalhaes.com.br\/wp-content\/uploads\/2022\/03\/IMG-20220316-WA0185-160x120.jpg 160w, https:\/\/blogdoedvaldomagalhaes.com.br\/wp-content\/uploads\/2022\/03\/IMG-20220316-WA0185.jpg 1156w\" sizes=\"auto, (max-width: 1024px) 100vw, 1024px\" \/><\/figure>\n\n\n\n<figure class=\"wp-block-image size-large\"><img loading=\"lazy\" decoding=\"async\" width=\"1024\" height=\"768\" src=\"https:\/\/blogdoedvaldomagalhaes.com.br\/wp-content\/uploads\/2022\/03\/IMG-20220316-WA0186-1024x768.jpg\" alt=\"\" class=\"wp-image-81179\" srcset=\"https:\/\/blogdoedvaldomagalhaes.com.br\/wp-content\/uploads\/2022\/03\/IMG-20220316-WA0186-1024x768.jpg 1024w, https:\/\/blogdoedvaldomagalhaes.com.br\/wp-content\/uploads\/2022\/03\/IMG-20220316-WA0186-300x225.jpg 300w, https:\/\/blogdoedvaldomagalhaes.com.br\/wp-content\/uploads\/2022\/03\/IMG-20220316-WA0186-768x576.jpg 768w, https:\/\/blogdoedvaldomagalhaes.com.br\/wp-content\/uploads\/2022\/03\/IMG-20220316-WA0186-160x120.jpg 160w, https:\/\/blogdoedvaldomagalhaes.com.br\/wp-content\/uploads\/2022\/03\/IMG-20220316-WA0186.jpg 1156w\" sizes=\"auto, (max-width: 1024px) 100vw, 1024px\" \/><figcaption>Fotos: Divulga\u00e7\u00e3o <\/figcaption><\/figure>\n","protected":false},"excerpt":{"rendered":"<p>O vereador Irm\u00e3o Ronaldo participou da entrega de m\u00e1quinas, tratores para ara\u00e7\u00e3o de terras e dezessete toneladas de sementes para&hellip;<\/p>\n","protected":false},"author":1,"featured_media":81182,"comment_status":"open","ping_status":"open","sticky":false,"template":"","format":"standard","meta":{"footnotes":""},"categories":[14122],"tags":[2,19532,3406,24204],"class_list":["post-81166","post","type-post","status-publish","format-standard","has-post-thumbnail","hentry","category-politica","tag-blog-do-edvaldo-magalhaes","tag-blog-mais-acessado-e-visualizado-de-caruaru-e-regiao","tag-caruaru","tag-vereador-irmao-ronaldo-participa-da-entrega-de-maquinas-tratores-e-17-toneladas-de-sementes-para-os-agricultores"],"_links":{"self":[{"href":"https:\/\/blogdoedvaldomagalhaes.com.br\/index.php\/wp-json\/wp\/v2\/posts\/81166","targetHints":{"allow":["GET"]}}],"collection":[{"href":"https:\/\/blogdoedvaldomagalhaes.com.br\/index.php\/wp-json\/wp\/v2\/posts"}],"about":[{"href":"https:\/\/blogdoedvaldomagalhaes.com.br\/index.php\/wp-json\/wp\/v2\/types\/post"}],"author":[{"embeddable":true,"href":"https:\/\/blogdoedvaldomagalhaes.com.br\/index.php\/wp-json\/wp\/v2\/users\/1"}],"replies":[{"embeddable":true,"href":"https:\/\/blogdoedvaldomagalhaes.com.br\/index.php\/wp-json\/wp\/v2\/comments?post=81166"}],"version-history":[{"count":6,"href":"https:\/\/blogdoedvaldomagalhaes.com.br\/index.php\/wp-json\/wp\/v2\/posts\/81166\/revisions"}],"predecessor-version":[{"id":81181,"href":"https:\/\/blogdoedvaldomagalhaes.com.br\/index.php\/wp-json\/wp\/v2\/posts\/81166\/revisions\/81181"}],"wp:featuredmedia":[{"embeddable":true,"href":"https:\/\/blogdoedvaldomagalhaes.com.br\/index.php\/wp-json\/wp\/v2\/media\/81182"}],"wp:attachment":[{"href":"https:\/\/blogdoedvaldomagalhaes.com.br\/index.php\/wp-json\/wp\/v2\/media?parent=81166"}],"wp:term":[{"taxonomy":"category","embeddable":true,"href":"https:\/\/blogdoedvaldomagalhaes.com.br\/index.php\/wp-json\/wp\/v2\/categories?post=81166"},{"taxonomy":"post_tag","embeddable":true,"href":"https:\/\/blogdoedvaldomagalhaes.com.br\/index.php\/wp-json\/wp\/v2\/tags?post=81166"}],"curies":[{"name":"wp","href":"https:\/\/api.w.org\/{rel}","templated":true}]}}