{"id":81163,"date":"2022-03-16T18:32:09","date_gmt":"2022-03-16T21:32:09","guid":{"rendered":"https:\/\/blogdoedvaldomagalhaes.com.br\/?p=81163"},"modified":"2022-03-16T18:32:10","modified_gmt":"2022-03-16T21:32:10","slug":"lessa-hoje-faz-1-mes-da-morte-de-alberisson-e-precisamos-que-a-justica-seja-feita","status":"publish","type":"post","link":"https:\/\/blogdoedvaldomagalhaes.com.br\/index.php\/2022\/03\/16\/lessa-hoje-faz-1-mes-da-morte-de-alberisson-e-precisamos-que-a-justica-seja-feita\/","title":{"rendered":"Lessa: &#8220;Hoje faz 1 m\u00eas da morte de Alberisson e precisamos que a justi\u00e7a seja feita&#8221;"},"content":{"rendered":"<p style=\"text-align: justify;\"><span style=\"font-size: inherit;\">O deputado estadual Erick Lessa subiu \u00e0 tribuna da Assembleia Legislativa de Pernambuco (Alepe) na sess\u00e3o desta quarta-feira (16). Ele registrou um m\u00eas da morte do presidente da Associa\u00e7\u00e3o de Cabos e Soldados (ACS-PE), Alberisson Carlos, e mostrou preocupa\u00e7\u00e3o com os n\u00fameros da viol\u00eancia no estado.<\/span><\/p>\n<p style=\"text-align: justify;\">O l\u00edder da categoria foi assassinado em 16 de fevereiro, pr\u00f3ximo \u00e0 entidade, quando foi surpreendido por homens que dispararam tiros de arma de fogo. Mesmo socorrido e levado ao hospital, n\u00e3o resistiu e faleceu. Alberisson Carlos tinha 50 anos de idade.<\/p>\n<p style=\"text-align: justify;\">\u201cA ousadia deste fato \u00e9 um acinte contra o estado de Pernambuco\u201d, disse o parlamentar, citando que a associa\u00e7\u00e3o representa mais de 10 mil profissionais. O deputado tamb\u00e9m fez um clamor pela resolu\u00e7\u00e3o de processos administrativos envolvendo a v\u00edtima. \u201cUm ato de solidariedade, humanidade, dignidade \u00e0 pessoa seria o Governo do Estado reconhecer a trajet\u00f3ria deste homem\u201d, clamou, salientando a necessidade de acelerar as investiga\u00e7\u00f5es e promover uma melhor assist\u00eancia \u00e0 fam\u00edlia.<\/p>\n<p style=\"text-align: justify;\">Ainda durante o discurso, Lessa demonstrou preocupa\u00e7\u00e3o com o agravamento da viol\u00eancia no estado, principalmente no Agreste e na Regi\u00e3o Metropolitana do Recife. Dados divulgados na ter\u00e7a-feira (15) pela Secretaria de Defesa Social (SDS) revelaram um aumento nos n\u00fameros de homic\u00eddios no primeiro bimestre deste ano, em compara\u00e7\u00e3o ao mesmo per\u00edodo do ano passado.<\/p>\n<p style=\"text-align: justify;\">No total, 617 pessoas foram assassinadas em Pernambuco em janeiro e fevereiro de 2022, 11,2% a mais do que nos dois primeiros meses do ano passado, quando foram registrados 555 homic\u00eddios. No Agreste, a taxa de crescimento foi de 36,61%, com um salto de 112 para 152. \u201cEste cen\u00e1rio mostra a necessidade de restruturar o Pacto Pela Vida\u201d, avaliou o parlamentar.<\/p>\n<p style=\"text-align: justify;\">Por fim, Lessa convocou o parlamento a debater mais profundamente o assunto, citando o artigo 144 da Constitui\u00e7\u00e3o Federal, que estabelece a Seguran\u00e7a P\u00fablica como dever do Estado, mas direito e responsabilidade de todos. O deputado \u00e9 autor da emenda parlamentar que destinou R$ 785.600,92 para estruturar a nova Delegacia Especializada da Mulher em Caruaru (DEAM), que est\u00e1 em obras e com perspectiva de inaugura\u00e7\u00e3o nos pr\u00f3ximos meses.<\/p>\n<p style=\"text-align: justify;\">Foto: Viliane Gomes<\/p>\n","protected":false},"excerpt":{"rendered":"<p>O deputado estadual Erick Lessa subiu \u00e0 tribuna da Assembleia Legislativa de Pernambuco (Alepe) na sess\u00e3o desta quarta-feira (16). Ele&hellip;<\/p>\n","protected":false},"author":1,"featured_media":81164,"comment_status":"open","ping_status":"open","sticky":false,"template":"","format":"standard","meta":{"footnotes":""},"categories":[14122],"tags":[2,19532,3406,24202],"class_list":["post-81163","post","type-post","status-publish","format-standard","has-post-thumbnail","hentry","category-politica","tag-blog-do-edvaldo-magalhaes","tag-blog-mais-acessado-e-visualizado-de-caruaru-e-regiao","tag-caruaru","tag-lessa-hoje-faz-1-mes-da-morte-de-alberisson-e-precisamos-que-a-justica-seja-feita"],"_links":{"self":[{"href":"https:\/\/blogdoedvaldomagalhaes.com.br\/index.php\/wp-json\/wp\/v2\/posts\/81163","targetHints":{"allow":["GET"]}}],"collection":[{"href":"https:\/\/blogdoedvaldomagalhaes.com.br\/index.php\/wp-json\/wp\/v2\/posts"}],"about":[{"href":"https:\/\/blogdoedvaldomagalhaes.com.br\/index.php\/wp-json\/wp\/v2\/types\/post"}],"author":[{"embeddable":true,"href":"https:\/\/blogdoedvaldomagalhaes.com.br\/index.php\/wp-json\/wp\/v2\/users\/1"}],"replies":[{"embeddable":true,"href":"https:\/\/blogdoedvaldomagalhaes.com.br\/index.php\/wp-json\/wp\/v2\/comments?post=81163"}],"version-history":[{"count":1,"href":"https:\/\/blogdoedvaldomagalhaes.com.br\/index.php\/wp-json\/wp\/v2\/posts\/81163\/revisions"}],"predecessor-version":[{"id":81165,"href":"https:\/\/blogdoedvaldomagalhaes.com.br\/index.php\/wp-json\/wp\/v2\/posts\/81163\/revisions\/81165"}],"wp:featuredmedia":[{"embeddable":true,"href":"https:\/\/blogdoedvaldomagalhaes.com.br\/index.php\/wp-json\/wp\/v2\/media\/81164"}],"wp:attachment":[{"href":"https:\/\/blogdoedvaldomagalhaes.com.br\/index.php\/wp-json\/wp\/v2\/media?parent=81163"}],"wp:term":[{"taxonomy":"category","embeddable":true,"href":"https:\/\/blogdoedvaldomagalhaes.com.br\/index.php\/wp-json\/wp\/v2\/categories?post=81163"},{"taxonomy":"post_tag","embeddable":true,"href":"https:\/\/blogdoedvaldomagalhaes.com.br\/index.php\/wp-json\/wp\/v2\/tags?post=81163"}],"curies":[{"name":"wp","href":"https:\/\/api.w.org\/{rel}","templated":true}]}}