{"id":81156,"date":"2022-03-16T17:19:33","date_gmt":"2022-03-16T20:19:33","guid":{"rendered":"https:\/\/blogdoedvaldomagalhaes.com.br\/?p=81156"},"modified":"2022-03-16T17:19:34","modified_gmt":"2022-03-16T20:19:34","slug":"bancada-de-oposicao-participa-de-audiencia-com-mppe-sobre-transporte-escolar-em-caruaru","status":"publish","type":"post","link":"https:\/\/blogdoedvaldomagalhaes.com.br\/index.php\/2022\/03\/16\/bancada-de-oposicao-participa-de-audiencia-com-mppe-sobre-transporte-escolar-em-caruaru\/","title":{"rendered":"Bancada de oposi\u00e7\u00e3o participa de audi\u00eancia com MPPE sobre transporte escolar em Caruaru"},"content":{"rendered":"<p style=\"text-align: justify;\"><span style=\"font-size: inherit;\">A bancada de oposi\u00e7\u00e3o esteve nesta quarta-feira (16) na sede do Minist\u00e9rio P\u00fablico de Pernambuco, em Caruaru. A audi\u00eancia p\u00fablica com a promotoria de justi\u00e7a foi uma solicita\u00e7\u00e3o dos parlamentares para debater a situa\u00e7\u00e3o do transporte escolar no munic\u00edpio, ap\u00f3s dois ve\u00edculos serem apreendidos pela Pol\u00edcia Rodovi\u00e1ria Federal por n\u00e3o apresentarem condi\u00e7\u00f5es para transportar os alunos.<\/span><\/p>\n<p style=\"text-align: justify;\">Na oportunidade, os vereadores Fagner Fernandes (PDT), Perp\u00e9tua Dantas (PSDB) e Cabo Cardoso (PP), apresentaram um documento com 12 p\u00e1ginas. No relat\u00f3rio, a bancada de oposi\u00e7\u00e3o menciona as irregularidades encontradas no transporte de estudantes e a falta de estrutura da empresa vencedora do processo licitat\u00f3rio para prestar os servi\u00e7os a secretaria de educa\u00e7\u00e3o de Caruaru.<\/p>\n<p style=\"text-align: justify;\">A partir de agora, os parlamentares aguardam um posicionamento da promotoria, que vai avaliar a documenta\u00e7\u00e3o.<\/p>\n\n\n<figure class=\"wp-block-image size-large\"><img loading=\"lazy\" decoding=\"async\" width=\"1024\" height=\"682\" src=\"https:\/\/blogdoedvaldomagalhaes.com.br\/wp-content\/uploads\/2022\/03\/IMG-20220316-WA0296-1024x682.jpg\" alt=\"\" class=\"wp-image-81157\" srcset=\"https:\/\/blogdoedvaldomagalhaes.com.br\/wp-content\/uploads\/2022\/03\/IMG-20220316-WA0296-1024x682.jpg 1024w, https:\/\/blogdoedvaldomagalhaes.com.br\/wp-content\/uploads\/2022\/03\/IMG-20220316-WA0296-300x200.jpg 300w, https:\/\/blogdoedvaldomagalhaes.com.br\/wp-content\/uploads\/2022\/03\/IMG-20220316-WA0296-768x512.jpg 768w, https:\/\/blogdoedvaldomagalhaes.com.br\/wp-content\/uploads\/2022\/03\/IMG-20220316-WA0296.jpg 1280w\" sizes=\"auto, (max-width: 1024px) 100vw, 1024px\" \/><figcaption>Fotos: Divulga\u00e7\u00e3o<\/figcaption><\/figure>\n","protected":false},"excerpt":{"rendered":"<p>A bancada de oposi\u00e7\u00e3o esteve nesta quarta-feira (16) na sede do Minist\u00e9rio P\u00fablico de Pernambuco, em Caruaru. A audi\u00eancia p\u00fablica&hellip;<\/p>\n","protected":false},"author":1,"featured_media":81158,"comment_status":"open","ping_status":"open","sticky":false,"template":"","format":"standard","meta":{"footnotes":""},"categories":[14122],"tags":[24201,2,19532,3406],"class_list":["post-81156","post","type-post","status-publish","format-standard","has-post-thumbnail","hentry","category-politica","tag-bancada-de-oposicao-participa-de-audiencia-com-mppe-sobre-transporte-escolar-em-caruaru","tag-blog-do-edvaldo-magalhaes","tag-blog-mais-acessado-e-visualizado-de-caruaru-e-regiao","tag-caruaru"],"_links":{"self":[{"href":"https:\/\/blogdoedvaldomagalhaes.com.br\/index.php\/wp-json\/wp\/v2\/posts\/81156","targetHints":{"allow":["GET"]}}],"collection":[{"href":"https:\/\/blogdoedvaldomagalhaes.com.br\/index.php\/wp-json\/wp\/v2\/posts"}],"about":[{"href":"https:\/\/blogdoedvaldomagalhaes.com.br\/index.php\/wp-json\/wp\/v2\/types\/post"}],"author":[{"embeddable":true,"href":"https:\/\/blogdoedvaldomagalhaes.com.br\/index.php\/wp-json\/wp\/v2\/users\/1"}],"replies":[{"embeddable":true,"href":"https:\/\/blogdoedvaldomagalhaes.com.br\/index.php\/wp-json\/wp\/v2\/comments?post=81156"}],"version-history":[{"count":1,"href":"https:\/\/blogdoedvaldomagalhaes.com.br\/index.php\/wp-json\/wp\/v2\/posts\/81156\/revisions"}],"predecessor-version":[{"id":81159,"href":"https:\/\/blogdoedvaldomagalhaes.com.br\/index.php\/wp-json\/wp\/v2\/posts\/81156\/revisions\/81159"}],"wp:featuredmedia":[{"embeddable":true,"href":"https:\/\/blogdoedvaldomagalhaes.com.br\/index.php\/wp-json\/wp\/v2\/media\/81158"}],"wp:attachment":[{"href":"https:\/\/blogdoedvaldomagalhaes.com.br\/index.php\/wp-json\/wp\/v2\/media?parent=81156"}],"wp:term":[{"taxonomy":"category","embeddable":true,"href":"https:\/\/blogdoedvaldomagalhaes.com.br\/index.php\/wp-json\/wp\/v2\/categories?post=81156"},{"taxonomy":"post_tag","embeddable":true,"href":"https:\/\/blogdoedvaldomagalhaes.com.br\/index.php\/wp-json\/wp\/v2\/tags?post=81156"}],"curies":[{"name":"wp","href":"https:\/\/api.w.org\/{rel}","templated":true}]}}