{"id":81150,"date":"2022-03-16T14:47:22","date_gmt":"2022-03-16T17:47:22","guid":{"rendered":"https:\/\/blogdoedvaldomagalhaes.com.br\/?p=81150"},"modified":"2022-03-16T17:24:43","modified_gmt":"2022-03-16T20:24:43","slug":"omicron-gera-alerta-sobre-sintomas-persistentes-e-necessidade-de-vacinacao-infantil","status":"publish","type":"post","link":"https:\/\/blogdoedvaldomagalhaes.com.br\/index.php\/2022\/03\/16\/omicron-gera-alerta-sobre-sintomas-persistentes-e-necessidade-de-vacinacao-infantil\/","title":{"rendered":"\u00d4micron gera alerta sobre sintomas \u201cpersistentes\u201d e necessidade de vacina\u00e7\u00e3o infantil"},"content":{"rendered":"<p style=\"text-align: justify;\">Apesar de sofrerem com quadros similares aos dos adultos, crian\u00e7as infectadas pela variante \u00f4micron sofrem com sintomas diferentes. Segundo o Instituto Butantan, parte das crian\u00e7as infectadas pela nova cepa apresentava manchas e irrita\u00e7\u00f5es cut\u00e2neas na pele, al\u00e9m dos sintomas j\u00e1 atrelados \u00e0 \u00f4micron como fadiga, dores de cabe\u00e7a e perda de apetite. J\u00e1 aqui no Brasil, crian\u00e7as foram internadas com quadros agudos de diarreia, desidrata\u00e7\u00e3o e pneumonia, principalmente as menores de dois anos.<\/p>\n<p style=\"text-align: justify;\">A gerente administrativa Eliete Lira teve covid tr\u00eas vezes antes do filho de 10 anos, Augusto, testar positivo em janeiro. Ele contraiu a \u00f4micron, e mesmo ap\u00f3s passar pela doen\u00e7a ainda apresenta sintomas nas vias a\u00e9reas. &#8220;Na \u00e9poca que ele estava se recuperando, j\u00e1 com o agendamento para a vacina, ele teve uma reca\u00edda. Foi quando ele come\u00e7ou com o que a gente chama de &#8216;s\u00edndrome p\u00f3s-covid&#8217;. Ele teve 10 dias de sinusite. Depois desse per\u00edodo, mesmo tomando antibi\u00f3ticos, teve uma semana de tosse seca, depois teve febre e sintomas cardiol\u00f3gicos&#8221;, conta ela.<\/p>\n<p style=\"text-align: justify;\">A otorrinolaringologista do Hospital de Olhos de Pernambuco (HOPE), dra K\u00e1tia Virginia, explica que a \u00f4micron apresenta com mais frequ\u00eancia sintomas de vias a\u00e9reas superiores, como coriza, espirros e dores de garganta. &#8220;Essas variantes que antecederam a \u00d4micron tiveram outro cen\u00e1rio, onde a vacina\u00e7\u00e3o estava no in\u00edcio e mesmo em pa\u00edses que sa\u00edram na frente nas vacinas. Diferente da Delta e outras anteriores onde t\u00ednhamos muitas altera\u00e7\u00f5es de olfato e paladar e sintomas pulmonares, a \u00f4micron se assemelha mais a um resfriado comum e a gripe, por isso o otorrinolaringologista deve estar atento&#8221;, diz.<\/p>\n<p style=\"text-align: justify;\">A respons\u00e1vel t\u00e9cnica do HOPE Vacinas, dra. Anal\u00edria Pimentel, alerta para a import\u00e2ncia da vacina\u00e7\u00e3o no p\u00fablico infantil. &#8220;(A import\u00e2ncia \u00e9) Impedir a transmissibilidade em crian\u00e7as com formas assintom\u00e1ticas da Covid&#8221;, explica. Ela tamb\u00e9m ressalta a necessidade de imuniza\u00e7\u00e3o mesmo para quem j\u00e1 teve a doen\u00e7a. &#8220;Quem j\u00e1 pegou deve tomar vacina ap\u00f3s um m\u00eas&#8221;, orienta.<\/p>\n<p style=\"text-align: justify;\">No Brasil, mais de 1,5 mil crian\u00e7as de 0 a 11 anos j\u00e1 morreram de Covid-19 desde o in\u00edcio da pandemia. Segundo o Minist\u00e9rio da Sa\u00fade, a Covid-19 est\u00e1 entre as dez principais causas de morte de crian\u00e7as entre cinco e 11 anos no Brasil \u2013 atr\u00e1s apenas dos acidentes de tr\u00e2nsito.<\/p>\n<p style=\"text-align: justify;\">Desde o in\u00edcio de 2022, tamb\u00e9m houve aumentos expressivos nos internamentos de crian\u00e7as em decorr\u00eancia da doen\u00e7a. Uma das raz\u00f5es \u00e9 a baixa cobertura vacinal para o p\u00fablico. Enquanto cerca de 70% da popula\u00e7\u00e3o adulta brasileira j\u00e1 contava com ao menos duas doses da vacina contra Covid, a imuniza\u00e7\u00e3o para crian\u00e7as de 5 a 11 anos s\u00f3 come\u00e7ou por volta do dia 17 de janeiro.<\/p>\n<p style=\"text-align: justify;\">Dados Gerais sobre covid-19 em crian\u00e7as<\/p>\n<p style=\"text-align: justify;\">&#8211; Mais de 1,5 mil crian\u00e7as de 0 a 11 anos morreram de covid-19 desde o in\u00edcio da pandemia<br>\n&#8211; Doen\u00e7a \u00e9 um das dez principais causas de morte de crian\u00e7as entre cinco e 11 anos no Brasil<br>\n&#8211; Crian\u00e7as apresentam sintomas diferentes dos adultos, como irrita\u00e7\u00f5es na pele e diarreia<\/p>\n\n\n<figure class=\"wp-block-image size-large\"><img loading=\"lazy\" decoding=\"async\" width=\"1004\" height=\"1024\" src=\"https:\/\/blogdoedvaldomagalhaes.com.br\/wp-content\/uploads\/2022\/03\/IMG-20220316-WA0176-1004x1024.jpg\" alt=\"\" class=\"wp-image-81160\" srcset=\"https:\/\/blogdoedvaldomagalhaes.com.br\/wp-content\/uploads\/2022\/03\/IMG-20220316-WA0176-1004x1024.jpg 1004w, https:\/\/blogdoedvaldomagalhaes.com.br\/wp-content\/uploads\/2022\/03\/IMG-20220316-WA0176-294x300.jpg 294w, https:\/\/blogdoedvaldomagalhaes.com.br\/wp-content\/uploads\/2022\/03\/IMG-20220316-WA0176-768x783.jpg 768w, https:\/\/blogdoedvaldomagalhaes.com.br\/wp-content\/uploads\/2022\/03\/IMG-20220316-WA0176.jpg 1015w\" sizes=\"auto, (max-width: 1004px) 100vw, 1004px\" \/><figcaption>Fotos: Divulga\u00e7\u00e3o <\/figcaption><\/figure>\n","protected":false},"excerpt":{"rendered":"<p>Apesar de sofrerem com quadros similares aos dos adultos, crian\u00e7as infectadas pela variante \u00f4micron sofrem com sintomas diferentes. Segundo o&hellip;<\/p>\n","protected":false},"author":1,"featured_media":81155,"comment_status":"open","ping_status":"open","sticky":false,"template":"","format":"standard","meta":{"footnotes":""},"categories":[14120],"tags":[2,19532,3406,24200],"class_list":["post-81150","post","type-post","status-publish","format-standard","has-post-thumbnail","hentry","category-noticias","tag-blog-do-edvaldo-magalhaes","tag-blog-mais-acessado-e-visualizado-de-caruaru-e-regiao","tag-caruaru","tag-omicron-gera-alerta-sobre-sintomas-persistentes-e-necessidade-de-vacinacao-infantil"],"_links":{"self":[{"href":"https:\/\/blogdoedvaldomagalhaes.com.br\/index.php\/wp-json\/wp\/v2\/posts\/81150","targetHints":{"allow":["GET"]}}],"collection":[{"href":"https:\/\/blogdoedvaldomagalhaes.com.br\/index.php\/wp-json\/wp\/v2\/posts"}],"about":[{"href":"https:\/\/blogdoedvaldomagalhaes.com.br\/index.php\/wp-json\/wp\/v2\/types\/post"}],"author":[{"embeddable":true,"href":"https:\/\/blogdoedvaldomagalhaes.com.br\/index.php\/wp-json\/wp\/v2\/users\/1"}],"replies":[{"embeddable":true,"href":"https:\/\/blogdoedvaldomagalhaes.com.br\/index.php\/wp-json\/wp\/v2\/comments?post=81150"}],"version-history":[{"count":3,"href":"https:\/\/blogdoedvaldomagalhaes.com.br\/index.php\/wp-json\/wp\/v2\/posts\/81150\/revisions"}],"predecessor-version":[{"id":81161,"href":"https:\/\/blogdoedvaldomagalhaes.com.br\/index.php\/wp-json\/wp\/v2\/posts\/81150\/revisions\/81161"}],"wp:featuredmedia":[{"embeddable":true,"href":"https:\/\/blogdoedvaldomagalhaes.com.br\/index.php\/wp-json\/wp\/v2\/media\/81155"}],"wp:attachment":[{"href":"https:\/\/blogdoedvaldomagalhaes.com.br\/index.php\/wp-json\/wp\/v2\/media?parent=81150"}],"wp:term":[{"taxonomy":"category","embeddable":true,"href":"https:\/\/blogdoedvaldomagalhaes.com.br\/index.php\/wp-json\/wp\/v2\/categories?post=81150"},{"taxonomy":"post_tag","embeddable":true,"href":"https:\/\/blogdoedvaldomagalhaes.com.br\/index.php\/wp-json\/wp\/v2\/tags?post=81150"}],"curies":[{"name":"wp","href":"https:\/\/api.w.org\/{rel}","templated":true}]}}