{"id":81147,"date":"2022-03-16T12:28:44","date_gmt":"2022-03-16T15:28:44","guid":{"rendered":"https:\/\/blogdoedvaldomagalhaes.com.br\/?p=81147"},"modified":"2022-03-16T12:28:45","modified_gmt":"2022-03-16T15:28:45","slug":"defesa-civil-de-caruaru-reforca-cuidados-para-os-moradores-dos-morros-e-encostas-em-dias-de-chuva","status":"publish","type":"post","link":"https:\/\/blogdoedvaldomagalhaes.com.br\/index.php\/2022\/03\/16\/defesa-civil-de-caruaru-reforca-cuidados-para-os-moradores-dos-morros-e-encostas-em-dias-de-chuva\/","title":{"rendered":"Defesa Civil de Caruaru refor\u00e7a cuidados para os moradores dos morros e encostas em dias de chuva"},"content":{"rendered":"<p dir=\"ltr\" style=\"text-align: justify;\">As fortes chuvas recentes s\u00e3o t\u00edpicas do ver\u00e3o, e podem continuar nos pr\u00f3ximos meses. A Defesa Civil segue refor\u00e7ando os cuidados preventivos e sinais de perigo, que vai, principalmente, para os moradores das \u00e1reas de risco alto (morros e encostas).<\/p>\n<p dir=\"ltr\" style=\"text-align: justify;\">Um dos aspectos mais importantes para evitar o deslizamento \u00e9 a consci\u00eancia sobre a conserva\u00e7\u00e3o do ambiente e a import\u00e2ncia da vegeta\u00e7\u00e3o dos morros. S\u00e3o v\u00e1rias as fun\u00e7\u00f5es, come\u00e7ando pela copa das \u00e1rvores, que \u2018seguram\u2019 parte da chuva. \u201cA popula\u00e7\u00e3o deve evitar plantar nos morros algumas \u00e1rvores podem acumular \u00e1gua no solo e provocam quedas de barreiras, como o mam\u00e3o, fruta-p\u00e3o, jambo, coco, banana, jaca, entre outras\u201d, comentou o coordenador da Defesa Civil, Kleber Aleksander.<\/p>\n<p dir=\"ltr\" style=\"text-align: justify;\">\u201cQualquer sinal de mudan\u00e7a no cen\u00e1rio da moradia ou do entorno, como surgimento de fendas em parede ou no piso, \u00e1gua barrenta, \u00e1rvore e poste inclinados, o mun\u00edcipe deve ligar imediatamente para o (81) 98384-2411 ou 199, n\u00famero de emerg\u00eancia da Defesa Civil, que funciona 24 horas\u201d, complementou o coordenador.<\/p>\n<p dir=\"ltr\" style=\"text-align: justify;\">A Defesa Civil Municipal tem a fun\u00e7\u00e3o de articular e coordenar a\u00e7\u00f5es preventivas, de socorro, assistenciais e de recupera\u00e7\u00e3o, com o objetivo de salvar vidas, assistir \u00e0 popula\u00e7\u00e3o prejudicada e evitar preju\u00edzos, recuperando ou reconstruindo cen\u00e1rios afetados por calamidades, quando necess\u00e1rio. Sua estrat\u00e9gia est\u00e1 centrada no planejamento e desenvolvimento de medidas que evitem desastres ou minimizem suas consequ\u00eancias.<\/p>\n","protected":false},"excerpt":{"rendered":"<p>As fortes chuvas recentes s\u00e3o t\u00edpicas do ver\u00e3o, e podem continuar nos pr\u00f3ximos meses. A Defesa Civil segue refor\u00e7ando os&hellip;<\/p>\n","protected":false},"author":1,"featured_media":81148,"comment_status":"open","ping_status":"open","sticky":false,"template":"","format":"standard","meta":{"footnotes":""},"categories":[14120],"tags":[2,19532,3406,24199],"class_list":["post-81147","post","type-post","status-publish","format-standard","has-post-thumbnail","hentry","category-noticias","tag-blog-do-edvaldo-magalhaes","tag-blog-mais-acessado-e-visualizado-de-caruaru-e-regiao","tag-caruaru","tag-defesa-civil-de-caruaru-reforca-cuidados-para-os-moradores-dos-morros-e-encostas-em-dias-de-chuva"],"_links":{"self":[{"href":"https:\/\/blogdoedvaldomagalhaes.com.br\/index.php\/wp-json\/wp\/v2\/posts\/81147","targetHints":{"allow":["GET"]}}],"collection":[{"href":"https:\/\/blogdoedvaldomagalhaes.com.br\/index.php\/wp-json\/wp\/v2\/posts"}],"about":[{"href":"https:\/\/blogdoedvaldomagalhaes.com.br\/index.php\/wp-json\/wp\/v2\/types\/post"}],"author":[{"embeddable":true,"href":"https:\/\/blogdoedvaldomagalhaes.com.br\/index.php\/wp-json\/wp\/v2\/users\/1"}],"replies":[{"embeddable":true,"href":"https:\/\/blogdoedvaldomagalhaes.com.br\/index.php\/wp-json\/wp\/v2\/comments?post=81147"}],"version-history":[{"count":1,"href":"https:\/\/blogdoedvaldomagalhaes.com.br\/index.php\/wp-json\/wp\/v2\/posts\/81147\/revisions"}],"predecessor-version":[{"id":81149,"href":"https:\/\/blogdoedvaldomagalhaes.com.br\/index.php\/wp-json\/wp\/v2\/posts\/81147\/revisions\/81149"}],"wp:featuredmedia":[{"embeddable":true,"href":"https:\/\/blogdoedvaldomagalhaes.com.br\/index.php\/wp-json\/wp\/v2\/media\/81148"}],"wp:attachment":[{"href":"https:\/\/blogdoedvaldomagalhaes.com.br\/index.php\/wp-json\/wp\/v2\/media?parent=81147"}],"wp:term":[{"taxonomy":"category","embeddable":true,"href":"https:\/\/blogdoedvaldomagalhaes.com.br\/index.php\/wp-json\/wp\/v2\/categories?post=81147"},{"taxonomy":"post_tag","embeddable":true,"href":"https:\/\/blogdoedvaldomagalhaes.com.br\/index.php\/wp-json\/wp\/v2\/tags?post=81147"}],"curies":[{"name":"wp","href":"https:\/\/api.w.org\/{rel}","templated":true}]}}