{"id":81144,"date":"2022-03-16T11:17:45","date_gmt":"2022-03-16T14:17:45","guid":{"rendered":"https:\/\/blogdoedvaldomagalhaes.com.br\/?p=81144"},"modified":"2022-03-16T11:17:47","modified_gmt":"2022-03-16T14:17:47","slug":"tony-gel-pede-implantacao-de-medidas-de-seguranca-para-o-transporte-escolar-da-rede-publica","status":"publish","type":"post","link":"https:\/\/blogdoedvaldomagalhaes.com.br\/index.php\/2022\/03\/16\/tony-gel-pede-implantacao-de-medidas-de-seguranca-para-o-transporte-escolar-da-rede-publica\/","title":{"rendered":"Tony Gel pede implanta\u00e7\u00e3o de medidas de seguran\u00e7a para o transporte escolar da rede p\u00fablica"},"content":{"rendered":"<p style=\"text-align: justify;\"><span style=\"font-size: inherit;\">Preocupado com os \u00faltimos fatos registrados envolvendo \u00f4nibus que fazem o transporte escolar de alunos da rede p\u00fablica de ensino, o Deputado Estadual Tony Gel (MDB), encaminhou of\u00edcios ao Presidente da Associa\u00e7\u00e3o Municipalista de Pernambuco &#8211; AMUPE, Jos\u00e9 Patriota, como tamb\u00e9m ao Secret\u00e1rio Estadual de Educa\u00e7\u00e3o do Estado, Marcelo Barros, solicitando de ambos a implanta\u00e7\u00e3o de medidas de seguran\u00e7a necess\u00e1rias ao transporte escolar dos alunos das redes municipal e estadual.<\/span><\/p>\n<p style=\"text-align: justify;\">O parlamentar explicou que as referidas solicita\u00e7\u00e3o decorre do fato que houve um acidente, no \u00faltimo dia 11 de mar\u00e7o, no munic\u00edpio de Riacho das Almas, no Agreste de Pernambuco, o qual vitimou uma crian\u00e7a e tr\u00eas adolescentes que estavam no \u00f4nibus escolar, onde a informa\u00e7\u00e3o preliminar \u00e9 que houve um problema no sistema de freios, fazendo com que o motorista perdesse o controle e o ve\u00edculo tombasse.<\/p>\n<p style=\"text-align: justify;\">Tony Gel lembrou que, de acordo com inciso VI do art. 11 da LDB, pela Lei Federal n\u00ba 9.394, de 20 de dezembro de 1996, que estabelece as diretrizes e bases da educa\u00e7\u00e3o nacional, deixa evidente a responsabilidade do Munic\u00edpio no transporte escolar. De maneira que a associa\u00e7\u00e3o poderia atuar junto \u00e0s cidades pernambucanas no sentido de orientar sobre as medidas de seguran\u00e7a que devem ser observadas, como o transporte de crian\u00e7as sentadas e com cinto de seguran\u00e7a afivelado, se o condutor \u00e9 habilitado para esse tipo de transporte, entre outras, por meio de palestras e reuni\u00f5es por videoconfer\u00eancia e eventos afins.<\/p>\n<p style=\"text-align: justify;\">J\u00e1 no que diz respeito ao transporte escolar da rede estadual, o deputado pediu para a Secretaria Estadual de Educa\u00e7\u00e3o, desenvolver um cronograma de fiscaliza\u00e7\u00e3o do referido servi\u00e7o, no intuito de garantir o deslocamento seguro do estudante da sua moradia ou ponto previamente acertado at\u00e9 a escola e seu devido retorno, por meio do \u00f4nibus escolar.<\/p>\n<p style=\"text-align: justify;\">&#8220;O apelo que fiz ao presidente da Amupe, como tamb\u00e9m ao Secret\u00e1rio de Educa\u00e7\u00e3o, tem o prop\u00f3sito de melhorar a qualidade do servi\u00e7o de transporte escolar, j\u00e1 que o mesmo \u00e9 um item essencial e que deve ser observado pelas autoridades p\u00fablicas para que tais acidentes n\u00e3o voltem a ocorrer no nosso Estado. \u00c9 preciso redobrar a aten\u00e7\u00e3o e os cuidados na manuten\u00e7\u00e3o dos ve\u00edculos, documenta\u00e7\u00e3o e no deslocamento dos alunos&#8221; disse Tony Gel.<\/p>\n","protected":false},"excerpt":{"rendered":"<p>Preocupado com os \u00faltimos fatos registrados envolvendo \u00f4nibus que fazem o transporte escolar de alunos da rede p\u00fablica de ensino,&hellip;<\/p>\n","protected":false},"author":1,"featured_media":81145,"comment_status":"open","ping_status":"open","sticky":false,"template":"","format":"standard","meta":{"footnotes":""},"categories":[14122],"tags":[2,19532,3406,24198],"class_list":["post-81144","post","type-post","status-publish","format-standard","has-post-thumbnail","hentry","category-politica","tag-blog-do-edvaldo-magalhaes","tag-blog-mais-acessado-e-visualizado-de-caruaru-e-regiao","tag-caruaru","tag-tony-gel-pede-implantacao-de-medidas-de-seguranca-para-o-transporte-escolar-da-rede-publica"],"_links":{"self":[{"href":"https:\/\/blogdoedvaldomagalhaes.com.br\/index.php\/wp-json\/wp\/v2\/posts\/81144","targetHints":{"allow":["GET"]}}],"collection":[{"href":"https:\/\/blogdoedvaldomagalhaes.com.br\/index.php\/wp-json\/wp\/v2\/posts"}],"about":[{"href":"https:\/\/blogdoedvaldomagalhaes.com.br\/index.php\/wp-json\/wp\/v2\/types\/post"}],"author":[{"embeddable":true,"href":"https:\/\/blogdoedvaldomagalhaes.com.br\/index.php\/wp-json\/wp\/v2\/users\/1"}],"replies":[{"embeddable":true,"href":"https:\/\/blogdoedvaldomagalhaes.com.br\/index.php\/wp-json\/wp\/v2\/comments?post=81144"}],"version-history":[{"count":1,"href":"https:\/\/blogdoedvaldomagalhaes.com.br\/index.php\/wp-json\/wp\/v2\/posts\/81144\/revisions"}],"predecessor-version":[{"id":81146,"href":"https:\/\/blogdoedvaldomagalhaes.com.br\/index.php\/wp-json\/wp\/v2\/posts\/81144\/revisions\/81146"}],"wp:featuredmedia":[{"embeddable":true,"href":"https:\/\/blogdoedvaldomagalhaes.com.br\/index.php\/wp-json\/wp\/v2\/media\/81145"}],"wp:attachment":[{"href":"https:\/\/blogdoedvaldomagalhaes.com.br\/index.php\/wp-json\/wp\/v2\/media?parent=81144"}],"wp:term":[{"taxonomy":"category","embeddable":true,"href":"https:\/\/blogdoedvaldomagalhaes.com.br\/index.php\/wp-json\/wp\/v2\/categories?post=81144"},{"taxonomy":"post_tag","embeddable":true,"href":"https:\/\/blogdoedvaldomagalhaes.com.br\/index.php\/wp-json\/wp\/v2\/tags?post=81144"}],"curies":[{"name":"wp","href":"https:\/\/api.w.org\/{rel}","templated":true}]}}