{"id":81141,"date":"2022-03-16T09:08:16","date_gmt":"2022-03-16T12:08:16","guid":{"rendered":"https:\/\/blogdoedvaldomagalhaes.com.br\/?p=81141"},"modified":"2022-03-16T09:08:18","modified_gmt":"2022-03-16T12:08:18","slug":"vereador-jorge-quintino-comemora-retirada-de-pl-sobre-piso-salarial-dos-professores","status":"publish","type":"post","link":"https:\/\/blogdoedvaldomagalhaes.com.br\/index.php\/2022\/03\/16\/vereador-jorge-quintino-comemora-retirada-de-pl-sobre-piso-salarial-dos-professores\/","title":{"rendered":"Vereador Jorge Quintino comemora retirada de PL sobre piso salarial dos professores"},"content":{"rendered":"<p style=\"text-align: justify;\"><span style=\"font-size: inherit;\">Nota \u00e0 Imprensa<\/span><\/p>\n<p style=\"text-align: justify;\">Nestes \u00faltimos anos, aprendemos que a mudan\u00e7a ser\u00e1 a constante no nosso mundo. E, nestas \u00faltimas semanas em Caruaru, aprendemos tamb\u00e9m que a mudan\u00e7a \u00e9 poss\u00edvel, desviando a preocupa\u00e7\u00e3o p\u00fablica do mero controle sobre os recursos e conte\u00fado da educa\u00e7\u00e3o, para um foco nos resultados constru\u00eddos coletivamente.<\/p>\n<p style=\"text-align: justify;\">Passando das pol\u00edticas de &#8220;acerto e erro&#8221; para o estabelecimento de padr\u00f5es universais elevados; passando da uniformidade para a ado\u00e7\u00e3o da diversidade e a individualiza\u00e7\u00e3o do nosso aprendizado.<\/p>\n<p style=\"text-align: justify;\">\u00c9 preciso identificarmos as melhores pr\u00e1ticas em munic\u00edpios brasileiros para produzirmos estas mudan\u00e7as necess\u00e1rias. \u00c9 ter a simplicidade e a sabedoria de aprender com o outro.<br \/>\nN\u00e3o \u00e9 mais suficiente que n\u00f3s vereadores, os formuladores de leis, que facilitem as pol\u00edticas educacionais municipais, avaliemos a melhoria da educa\u00e7\u00e3o em rela\u00e7\u00e3o a seus pr\u00f3prios resultados passados.<\/p>\n<p style=\"text-align: justify;\">O desafio posto \u00e9 bem maior.<br \/>\nEste \u00e9 o valor da coopera\u00e7\u00e3o multilateral. \u00c9 por isso que o di\u00e1logo e a escuta ativa s\u00e3o t\u00e3o importantes.<\/p>\n<p style=\"text-align: justify;\">Continuaremos nossa frut\u00edfera colabora\u00e7\u00e3o com os profissionais de Educa\u00e7\u00e3o de Caruaru para fornecer a experi\u00eancia pol\u00edtica transversal necess\u00e1ria para apoiar nossa gente com estes desafios.<br \/>\nParabenizo ao Poder Legislativo, professores e Executivo pela empatia da retirada do projeto do piso salarial dos professores, pois n\u00e3o atendia suficiente as necessidades da classe.<\/p>\n<p style=\"text-align: justify;\">Agora \u00e9 avan\u00e7ar nas negocia\u00e7\u00f5es com os professores. Isso ocorrendo, ser\u00e1 um gesto de austeridade administrativa acompanhado de sensibilidade pol\u00edtica. A DEMOCRACIA foi a grande vitoriosa.<\/p>\n<p style=\"text-align: justify;\">Nenhuma escolha ser\u00e1 contr\u00e1ria a do caminhar ao lado dos professores.<br \/>\nEu j\u00e1 escolhi o meu: Sou Professor e apenas estou vereador!<\/p>\n<p style=\"text-align: justify;\">Professor e vereador Jorge Quintino \u2013 Presidente da Comiss\u00e3o Legislativa de Educa\u00e7\u00e3o, Cultura e Esportes.<\/p>\n","protected":false},"excerpt":{"rendered":"<p>Nota \u00e0 Imprensa Nestes \u00faltimos anos, aprendemos que a mudan\u00e7a ser\u00e1 a constante no nosso mundo. E, nestas \u00faltimas semanas&hellip;<\/p>\n","protected":false},"author":1,"featured_media":81142,"comment_status":"open","ping_status":"open","sticky":false,"template":"","format":"standard","meta":{"footnotes":""},"categories":[14122],"tags":[2,19532,3406,24197],"class_list":["post-81141","post","type-post","status-publish","format-standard","has-post-thumbnail","hentry","category-politica","tag-blog-do-edvaldo-magalhaes","tag-blog-mais-acessado-e-visualizado-de-caruaru-e-regiao","tag-caruaru","tag-vereador-jorge-quintino-comemora-retirada-de-pl-sobre-piso-salarial-dos-professores"],"_links":{"self":[{"href":"https:\/\/blogdoedvaldomagalhaes.com.br\/index.php\/wp-json\/wp\/v2\/posts\/81141","targetHints":{"allow":["GET"]}}],"collection":[{"href":"https:\/\/blogdoedvaldomagalhaes.com.br\/index.php\/wp-json\/wp\/v2\/posts"}],"about":[{"href":"https:\/\/blogdoedvaldomagalhaes.com.br\/index.php\/wp-json\/wp\/v2\/types\/post"}],"author":[{"embeddable":true,"href":"https:\/\/blogdoedvaldomagalhaes.com.br\/index.php\/wp-json\/wp\/v2\/users\/1"}],"replies":[{"embeddable":true,"href":"https:\/\/blogdoedvaldomagalhaes.com.br\/index.php\/wp-json\/wp\/v2\/comments?post=81141"}],"version-history":[{"count":1,"href":"https:\/\/blogdoedvaldomagalhaes.com.br\/index.php\/wp-json\/wp\/v2\/posts\/81141\/revisions"}],"predecessor-version":[{"id":81143,"href":"https:\/\/blogdoedvaldomagalhaes.com.br\/index.php\/wp-json\/wp\/v2\/posts\/81141\/revisions\/81143"}],"wp:featuredmedia":[{"embeddable":true,"href":"https:\/\/blogdoedvaldomagalhaes.com.br\/index.php\/wp-json\/wp\/v2\/media\/81142"}],"wp:attachment":[{"href":"https:\/\/blogdoedvaldomagalhaes.com.br\/index.php\/wp-json\/wp\/v2\/media?parent=81141"}],"wp:term":[{"taxonomy":"category","embeddable":true,"href":"https:\/\/blogdoedvaldomagalhaes.com.br\/index.php\/wp-json\/wp\/v2\/categories?post=81141"},{"taxonomy":"post_tag","embeddable":true,"href":"https:\/\/blogdoedvaldomagalhaes.com.br\/index.php\/wp-json\/wp\/v2\/tags?post=81141"}],"curies":[{"name":"wp","href":"https:\/\/api.w.org\/{rel}","templated":true}]}}