{"id":8099,"date":"2016-10-03T23:35:00","date_gmt":"2016-10-04T02:35:00","guid":{"rendered":"http:\/\/blogdoedvaldomagalhaes.com.br\/index.php\/2016\/10\/03\/amazan-e-eleito-prefeito-em-cidade-do\/"},"modified":"2019-02-09T01:01:41","modified_gmt":"2019-02-09T03:01:41","slug":"amazan-e-eleito-prefeito-em-cidade-do","status":"publish","type":"post","link":"https:\/\/blogdoedvaldomagalhaes.com.br\/index.php\/2016\/10\/03\/amazan-e-eleito-prefeito-em-cidade-do\/","title":{"rendered":"Amazan \u00e9 eleito Prefeito em cidade do Rio Grande do Norte"},"content":{"rendered":"<div class=\"separator\" style=\"clear: both; text-align: center;\">\n<a href=\"https:\/\/2.bp.blogspot.com\/-3NJECUAi2e8\/V_LrNxecVbI\/AAAAAAAAHoY\/WIr9i-6UeOQxNCLEevj0BFx_X00fAns8wCLcB\/s1600\/amazan.jpg\" imageanchor=\"1\" style=\"margin-left: 1em; margin-right: 1em;\"><img loading=\"lazy\" decoding=\"async\" border=\"0\" height=\"241\" src=\"http:\/\/blogdoedvaldomagalhaes.com.br\/wp-content\/uploads\/2016\/10\/amazan.jpg\" width=\"400\" \/><\/a><\/div>\n<div class=\"separator\" style=\"clear: both; text-align: center;\">\n<\/div>\n<div style=\"background-color: white; box-sizing: border-box; line-height: 30px; margin-bottom: 15px; text-align: justify;\">\nO Cantor e compositor Amazan foi eleito Prefeito no Rio Grande do Norte. O m\u00fasico campinense venceu a elei\u00e7\u00e3o majorit\u00e1ria em Jardim do Serid\u00f3 com 51,1% dos votos.<br \/>\nCandidato pelo PSD, Amazan somou 4.600 votos (51,13%), juntamente com a vice Dra. Aninha. O segundo colocado foi Doutor Anchieta (PMDB), que obteve 4.321 sufr\u00e1gios (48,03%), enquanto Pirado (PTC) teve apenas 76 votos (0,84%).<\/p>\n<p>Amazan nasceu em Campina Grande, em outubro de 1963. Depois, foi criado em Jardim do Serid\u00f3; interior do Rio Grande do Norte. Aos 14 anos, Amazan pegou numa sanfona pela primeira vez. Dos 15 aos 19 anos, ele seguiu fazendo pequenas apresenta\u00e7\u00f5es em Jardim do Serid\u00f3; at\u00e9 que decidiu tentar a vida em Campina Grande, onde fez sucesso e consolidou sua carreira.<\/p><\/div>\n","protected":false},"excerpt":{"rendered":"<p>O Cantor e compositor Amazan foi eleito Prefeito no Rio Grande do Norte. O m\u00fasico campinense venceu a elei\u00e7\u00e3o majorit\u00e1ria&hellip;<\/p>\n","protected":false},"author":1,"featured_media":0,"comment_status":"open","ping_status":"open","sticky":false,"template":"","format":"standard","meta":{"footnotes":""},"categories":[1],"tags":[11934,2,6132,11431,11935],"class_list":["post-8099","post","type-post","status-publish","format-standard","hentry","category-sem-categoria","tag-amazan-e-eleito-prefeito-em-cidade-do-rio-grande-do-norte","tag-blog-do-edvaldo-magalhaes","tag-campina-grande","tag-eleicoes-2016","tag-jardim-do-serido"],"_links":{"self":[{"href":"https:\/\/blogdoedvaldomagalhaes.com.br\/index.php\/wp-json\/wp\/v2\/posts\/8099","targetHints":{"allow":["GET"]}}],"collection":[{"href":"https:\/\/blogdoedvaldomagalhaes.com.br\/index.php\/wp-json\/wp\/v2\/posts"}],"about":[{"href":"https:\/\/blogdoedvaldomagalhaes.com.br\/index.php\/wp-json\/wp\/v2\/types\/post"}],"author":[{"embeddable":true,"href":"https:\/\/blogdoedvaldomagalhaes.com.br\/index.php\/wp-json\/wp\/v2\/users\/1"}],"replies":[{"embeddable":true,"href":"https:\/\/blogdoedvaldomagalhaes.com.br\/index.php\/wp-json\/wp\/v2\/comments?post=8099"}],"version-history":[{"count":1,"href":"https:\/\/blogdoedvaldomagalhaes.com.br\/index.php\/wp-json\/wp\/v2\/posts\/8099\/revisions"}],"predecessor-version":[{"id":13007,"href":"https:\/\/blogdoedvaldomagalhaes.com.br\/index.php\/wp-json\/wp\/v2\/posts\/8099\/revisions\/13007"}],"wp:attachment":[{"href":"https:\/\/blogdoedvaldomagalhaes.com.br\/index.php\/wp-json\/wp\/v2\/media?parent=8099"}],"wp:term":[{"taxonomy":"category","embeddable":true,"href":"https:\/\/blogdoedvaldomagalhaes.com.br\/index.php\/wp-json\/wp\/v2\/categories?post=8099"},{"taxonomy":"post_tag","embeddable":true,"href":"https:\/\/blogdoedvaldomagalhaes.com.br\/index.php\/wp-json\/wp\/v2\/tags?post=8099"}],"curies":[{"name":"wp","href":"https:\/\/api.w.org\/{rel}","templated":true}]}}