{"id":8098,"date":"2016-10-03T23:49:00","date_gmt":"2016-10-04T02:49:00","guid":{"rendered":"http:\/\/blogdoedvaldomagalhaes.com.br\/index.php\/2016\/10\/03\/11-subcelebridades-que-voce-nao-sabia\/"},"modified":"2019-02-09T01:01:41","modified_gmt":"2019-02-09T03:01:41","slug":"11-subcelebridades-que-voce-nao-sabia","status":"publish","type":"post","link":"https:\/\/blogdoedvaldomagalhaes.com.br\/index.php\/2016\/10\/03\/11-subcelebridades-que-voce-nao-sabia\/","title":{"rendered":"11 subcelebridades que voc\u00ea nao sabia que concorreram e que perderam"},"content":{"rendered":"<div class=\"separator\" style=\"clear: both; text-align: center;\">\n<a href=\"https:\/\/1.bp.blogspot.com\/-21CGgDKLVzA\/V_LtpQqC4xI\/AAAAAAAAHok\/7T82-59zHCEl1tgYPG5do6ktVNLpFAoYACLcB\/s1600\/celebridades.jpeg\" imageanchor=\"1\" style=\"margin-left: 1em; margin-right: 1em;\"><img loading=\"lazy\" decoding=\"async\" border=\"0\" height=\"207\" src=\"http:\/\/blogdoedvaldomagalhaes.com.br\/wp-content\/uploads\/2016\/10\/celebridades.jpeg\" width=\"400\" \/><\/a><\/div>\n<p><\/p>\n<div style=\"background-color: white; box-sizing: border-box; line-height: 26px; margin-bottom: 26px; text-align: justify;\">\nSair no EGO semanalmente, tirar a roupa para alguma revista e participar de&nbsp;A Fazenda n\u00e3o s\u00e3o as \u00fanicas formas de uma subcelebridade brasileira continuar respirando. As elei\u00e7\u00f5es se tornaram uma das maiores portas para aqueles que n\u00e3o conseguem lidar com a dor do esquecimento e o sofrimento de voltar ao anonimato.<\/div>\n<div style=\"background-color: white; box-sizing: border-box; line-height: 26px; margin-bottom: 26px; text-align: justify;\">\nA audi\u00eancia de tr\u00eas segundos no hor\u00e1rio eleitoral \u00e9 maior que duas horas no palco do SuperPOP e certamente muito menos humilhante. Apostando nisso, nossas subcelebridades concorreram, perderam e voc\u00ea nem ficou sabendo. Veja a lista completa:<\/div>\n<h3 style=\"background-color: white; box-sizing: border-box; font-weight: 400; line-height: 30px; margin: 27px 0px 17px;\">\n<div style=\"text-align: justify;\">\nAgnaldo Timoteo<\/div>\n<div style=\"text-align: justify;\">\n<a href=\"http:\/\/static.sensacionalista.com.br\/wp-content\/uploads\/2016\/10\/agnaldo_timoteo.jpg\" style=\"background-color: transparent; box-sizing: border-box; text-decoration: none;\"><img loading=\"lazy\" decoding=\"async\" alt=\"agnaldo_timoteo\" class=\"alignnone wp-image-83097\" height=\"201\" src=\"http:\/\/static.sensacionalista.com.br\/wp-content\/uploads\/2016\/10\/agnaldo_timoteo.jpg\" style=\"border: 0px; box-sizing: border-box; display: inline-block; height: auto; margin: 6px 10px 0px 0px; max-width: 100%;\" width=\"600\" \/><\/a><\/div>\n<\/h3>\n<div style=\"background-color: white; box-sizing: border-box; line-height: 26px; margin-bottom: 26px; text-align: justify;\">\nCom 4.821 votos, o cantor n\u00e3o conseguiu se eleger vereador do Rio de Janeiro pelo PMDB. Ele j\u00e1 foi deputado federal e vereador pelo Rio e por S\u00e3o Paulo, al\u00e9m de tamb\u00e9m fazer parte do seleto grupo de subcelebs que foram humilhados no palco do SuperPOP, quando o apresentador Felipeh Campos tirou ele do arm\u00e1rio:<\/div>\n<div style=\"background-color: white; box-sizing: border-box; line-height: 26px; margin-bottom: 26px; text-align: justify;\">\nEm 2012, ao perder a reelei\u00e7\u00e3o para vereador em S\u00e3o Paulo, chegou a passar mal e parar no hospital. Esperamos que Agnaldo esteja bem.<\/div>\n<h3 style=\"background-color: white; box-sizing: border-box; font-weight: 400; line-height: 30px; margin: 27px 0px 17px;\">\n<div style=\"text-align: justify;\">\nThammy Miranda<\/div>\n<div style=\"text-align: justify;\">\n<a href=\"http:\/\/static.sensacionalista.com.br\/wp-content\/uploads\/2016\/10\/thammy.jpg\" style=\"background-color: transparent; box-sizing: border-box; text-decoration: none;\"><img loading=\"lazy\" decoding=\"async\" alt=\"thammy\" class=\"alignnone wp-image-83098\" height=\"199\" src=\"http:\/\/static.sensacionalista.com.br\/wp-content\/uploads\/2016\/10\/thammy.jpg\" style=\"border: 0px; box-sizing: border-box; display: inline-block; height: auto; margin: 6px 10px 0px 0px; max-width: 100%;\" width=\"600\" \/><\/a><\/div>\n<\/h3>\n<div style=\"background-color: white; box-sizing: border-box; line-height: 26px; margin-bottom: 26px; text-align: justify;\">\nO filho da cantora Gretchen levou 12.408 votos e n\u00e3o conseguiu se eleger em S\u00e3o Paulo. Thammy \u00e9 transexual e causou pol\u00eamica ao anunciar sua candidatura pelo Partido Progressista, que foi&nbsp;o partido de Jair Bolsonaro.<\/div>\n<h3 style=\"background-color: white; box-sizing: border-box; font-weight: 400; line-height: 30px; margin: 27px 0px 17px;\">\n<div style=\"text-align: justify;\">\nMarcelinho Carioca<\/div>\n<div style=\"text-align: justify;\">\n<a href=\"http:\/\/static.sensacionalista.com.br\/wp-content\/uploads\/2016\/10\/marcelinho_carioca-1.jpg\" style=\"background-color: transparent; box-sizing: border-box; text-decoration: none;\"><img loading=\"lazy\" decoding=\"async\" alt=\"marcelinho_carioca (1)\" class=\"wp-image-83099 alignnone\" height=\"202\" src=\"http:\/\/static.sensacionalista.com.br\/wp-content\/uploads\/2016\/10\/marcelinho_carioca-1.jpg\" style=\"border: 0px; box-sizing: border-box; display: inline-block; height: auto; margin: 6px 10px 0px 0px; max-width: 100%;\" width=\"600\" \/><\/a><\/div>\n<\/h3>\n<div style=\"background-color: white; box-sizing: border-box; line-height: 26px; margin-bottom: 26px; text-align: justify;\">\nO ex-jogador e \u00eddolo do Corinthians foi o mais bem votado entre todos os ex-craques que se candidataram em 2016. Junto a ele, Ademir da Guia, Waldir Peres e Tonh\u00e3o foram os quatro ex-jogadores que se candidataram. Ele levou 12.602 mas n\u00e3o foi suficiente para se eleger como vereador em S\u00e3o Paulo.<\/div>\n<h3 style=\"background-color: white; box-sizing: border-box; font-weight: 400; line-height: 30px; margin: 27px 0px 17px;\">\n<div style=\"text-align: justify;\">\nMulher Pera<\/div>\n<div style=\"text-align: justify;\">\n<a href=\"http:\/\/static.sensacionalista.com.br\/wp-content\/uploads\/2016\/10\/pera.jpg\" style=\"background-color: transparent; box-sizing: border-box; text-decoration: none;\"><img loading=\"lazy\" decoding=\"async\" alt=\"pera\" class=\"wp-image-83100 alignnone\" height=\"262\" src=\"http:\/\/static.sensacionalista.com.br\/wp-content\/uploads\/2016\/10\/pera.jpg\" style=\"border: 0px; box-sizing: border-box; display: inline-block; height: auto; margin: 6px 10px 0px 0px; max-width: 100%;\" width=\"600\" \/><\/a><\/div>\n<\/h3>\n<div style=\"background-color: white; box-sizing: border-box; line-height: 26px; margin-bottom: 26px; text-align: justify;\">\nSe n\u00e3o tiver mulher fruta, n\u00e3o \u00e9 elei\u00e7\u00e3o. Com 294 votos, a dan\u00e7arina&nbsp;concorreu pelo PTdoB mas n\u00e3o conseguiu se eleger vereadora de S\u00e3o Paulo.<\/div>\n<h3 style=\"background-color: white; box-sizing: border-box; font-weight: 400; line-height: 30px; margin: 27px 0px 17px;\">\n<div style=\"text-align: justify;\">\nDudu Nobre<\/div>\n<div style=\"text-align: justify;\">\n<a href=\"http:\/\/static.sensacionalista.com.br\/wp-content\/uploads\/2016\/10\/dudu-nobre.jpg\" style=\"background-color: transparent; box-sizing: border-box; text-decoration: none;\"><img loading=\"lazy\" decoding=\"async\" alt=\"dudu-nobre\" class=\"wp-image-83101 alignnone\" height=\"250\" src=\"http:\/\/static.sensacionalista.com.br\/wp-content\/uploads\/2016\/10\/dudu-nobre.jpg\" style=\"border: 0px; box-sizing: border-box; display: inline-block; height: auto; margin: 6px 10px 0px 0px; max-width: 100%;\" width=\"600\" \/><\/a><\/div>\n<\/h3>\n<div style=\"background-color: white; box-sizing: border-box; line-height: 26px; margin-bottom: 26px; text-align: justify;\">\nEnvolvido em uma enorme pol\u00eamica durante sua campanha, Dudu Nobre levou apenas 1.625 votos no Rio de Janeiro. Sua ex-mulher, Adriana Bombom, disse que n\u00e3o votou nele pois esqueceu seu t\u00edtulo de eleitor em churrasco, junto com suas filhas.<\/div>\n<h3 style=\"background-color: white; box-sizing: border-box; font-weight: 400; line-height: 30px; margin: 27px 0px 17px;\">\n<div style=\"text-align: justify;\">\nMc Serginho<\/div>\n<div style=\"text-align: justify;\">\n<a href=\"http:\/\/static.sensacionalista.com.br\/wp-content\/uploads\/2016\/10\/mc_serginho.jpg\" style=\"background-color: transparent; box-sizing: border-box; text-decoration: none;\"><img loading=\"lazy\" decoding=\"async\" alt=\"mc_serginho\" class=\"wp-image-83102 alignnone\" height=\"199\" src=\"http:\/\/static.sensacionalista.com.br\/wp-content\/uploads\/2016\/10\/mc_serginho.jpg\" style=\"border: 0px; box-sizing: border-box; display: inline-block; height: auto; margin: 6px 10px 0px 0px; max-width: 100%;\" width=\"600\" \/><\/a><\/div>\n<\/h3>\n<div style=\"background-color: white; box-sizing: border-box; line-height: 26px; margin-bottom: 26px; text-align: justify;\">\nNem o jumento, nem o cavalinho e nem a \u00c9guinha Pocot\u00f3&nbsp;foram suficientes para que os 1.366 votos que o MC Serginho recebeu elegessem o funkeiro no Rio de Janeiro.<\/div>\n<h3 style=\"background-color: white; box-sizing: border-box; font-weight: 400; line-height: 30px; margin: 27px 0px 17px;\">\n<div style=\"text-align: justify;\">\nTheo Becker<\/div>\n<div style=\"text-align: justify;\">\n<a href=\"http:\/\/static.sensacionalista.com.br\/wp-content\/uploads\/2016\/10\/theo.jpg\" style=\"background-color: transparent; box-sizing: border-box; text-decoration: none;\"><img loading=\"lazy\" decoding=\"async\" alt=\"theo\" class=\"wp-image-83103 alignnone\" height=\"199\" src=\"http:\/\/static.sensacionalista.com.br\/wp-content\/uploads\/2016\/10\/theo.jpg\" style=\"border: 0px; box-sizing: border-box; display: inline-block; height: auto; margin: 6px 10px 0px 0px; max-width: 100%;\" width=\"600\" \/><\/a><\/div>\n<\/h3>\n<div style=\"background-color: white; box-sizing: border-box; line-height: 26px; margin-bottom: 26px; text-align: justify;\">\nTheo Becker teve apenas 421 votos no Rio e, depois de ir para a Record e participar de&nbsp;A Fazenda, essa \u00e9 a maior humilha\u00e7\u00e3o da carreira do ator.<\/div>\n<h3 style=\"background-color: white; box-sizing: border-box; font-weight: 400; line-height: 30px; margin: 27px 0px 17px;\">\n<div style=\"text-align: justify;\">\nChiquinho Scarpa<\/div>\n<div style=\"text-align: justify;\">\n<a href=\"http:\/\/static.sensacionalista.com.br\/wp-content\/uploads\/2016\/10\/chiquinho_scarpa.jpg\" style=\"background-color: transparent; box-sizing: border-box; text-decoration: none;\"><img loading=\"lazy\" decoding=\"async\" alt=\"chiquinho_scarpa\" class=\"wp-image-83104 alignnone\" height=\"197\" src=\"http:\/\/static.sensacionalista.com.br\/wp-content\/uploads\/2016\/10\/chiquinho_scarpa.jpg\" style=\"border: 0px; box-sizing: border-box; display: inline-block; height: auto; margin: 6px 10px 0px 0px; max-width: 100%;\" width=\"600\" \/><\/a><\/div>\n<\/h3>\n<div style=\"background-color: white; box-sizing: border-box; line-height: 26px; margin-bottom: 26px; text-align: justify;\">\nO Conde conseguiu&nbsp;angariar 5.140 votos e n\u00e3o se elegeu. Ap\u00f3s a apura\u00e7\u00e3o das urnas, Chiquinho disse que tudo n\u00e3o passava de uma a\u00e7\u00e3o publicit\u00e1ria para conscientizar as pessoas sobre a doa\u00e7\u00e3o de \u00f3rg\u00e3os, tal qual fez ao anunciar, em 2013, que enterraria seu carro importado como os antigos fara\u00f3s faziam com suas riquezas. A a\u00e7\u00e3o \u00e9 focada na doa\u00e7\u00e3o de c\u00f3rnea, pra ajudar os paulistas a enxergarem o que fizeram ap\u00f3s elegerem D\u00f3ria no primeiro turno.<\/div>\n<h3 style=\"background-color: white; box-sizing: border-box; font-weight: 400; line-height: 30px; margin: 27px 0px 17px;\">\n<div style=\"text-align: justify;\">\nSandra de S\u00e1<\/div>\n<div style=\"text-align: justify;\">\n<a href=\"http:\/\/static.sensacionalista.com.br\/wp-content\/uploads\/2016\/10\/sandra_de_sa.jpg\" style=\"background-color: transparent; box-sizing: border-box; text-decoration: none;\"><img loading=\"lazy\" decoding=\"async\" alt=\"sandra_de_sa\" class=\"alignnone wp-image-83105\" height=\"200\" src=\"http:\/\/static.sensacionalista.com.br\/wp-content\/uploads\/2016\/10\/sandra_de_sa.jpg\" style=\"border: 0px; box-sizing: border-box; display: inline-block; height: auto; margin: 6px 10px 0px 0px; max-width: 100%;\" width=\"600\" \/><\/a><\/div>\n<\/h3>\n<div style=\"background-color: white; box-sizing: border-box; line-height: 26px; margin-bottom: 26px; text-align: justify;\">\nSandra de S\u00e1 ficou na&nbsp;<em style=\"box-sizing: border-box;\">Solid\u00e3o<\/em>.&nbsp;<em style=\"box-sizing: border-box;\">N\u00e3o Adiantou Saber<\/em>&nbsp;que ela levou 1.993 votos no Rio, pois c\u00e1&nbsp;<em style=\"box-sizing: border-box;\">Entre N\u00f3s<\/em>, ela n\u00e3o se elegeu.<em style=\"box-sizing: border-box;\">&nbsp;Bye Bye Tristeza<\/em>, a gente sabe que&nbsp;<em style=\"box-sizing: border-box;\">Com Voc\u00ea Tudo Fica Melhor<\/em>&nbsp;e daqui quatro anos d\u00e1 pra tentar de novo.<\/div>\n<div style=\"background-color: white; box-sizing: border-box; line-height: 26px; margin-bottom: 26px;\">\n<\/div>\n<div style=\"text-align: justify;\">\nNetinho de Paula<\/div>\n<div style=\"text-align: justify;\">\n<a href=\"http:\/\/static.sensacionalista.com.br\/wp-content\/uploads\/2016\/10\/netinho.jpg\" style=\"background-color: transparent; box-sizing: border-box; text-decoration: none;\"><img loading=\"lazy\" decoding=\"async\" alt=\"netinho\" class=\"wp-image-83106 alignnone\" height=\"201\" src=\"http:\/\/static.sensacionalista.com.br\/wp-content\/uploads\/2016\/10\/netinho.jpg\" style=\"border: 0px; box-sizing: border-box; display: inline-block; height: auto; margin: 6px 10px 0px 0px; max-width: 100%;\" width=\"600\" \/><\/a><\/div>\n<div style=\"text-align: justify;\">\nO pagodeiro coletou nas urnas 20.328 votos mas n\u00e3o conseguiu se eleger em S\u00e3o Paulo. O candidato Pedro Paulo, do Rio de Janeiro, mandou uma mensagem para Netinho, dizendo que sente muito e que sabe como \u00e9 apanhar&nbsp;nas urnas.<\/div>\n<p><\/p>\n<h3 style=\"background-color: white; box-sizing: border-box; font-weight: 400; line-height: 30px; margin: 27px 0px 17px;\">\n<div style=\"text-align: justify;\">\nLeo \u00c1quilla<\/div>\n<div style=\"text-align: justify;\">\n<a href=\"http:\/\/static.sensacionalista.com.br\/wp-content\/uploads\/2016\/10\/leo.jpg\" style=\"background-color: transparent; box-sizing: border-box; text-decoration: none;\"><img loading=\"lazy\" decoding=\"async\" alt=\"leo\" class=\"size-full wp-image-83107 alignnone\" height=\"207\" src=\"http:\/\/static.sensacionalista.com.br\/wp-content\/uploads\/2016\/10\/leo.jpg\" style=\"border: 0px; box-sizing: border-box; display: inline-block; height: auto; margin: 6px 10px 0px 0px; max-width: 100%;\" width=\"620\" \/><\/a><\/div>\n<\/h3>\n<div style=\"background-color: white; box-sizing: border-box; line-height: 26px; margin-bottom: 26px; text-align: justify;\">\nCom 5.146 votos, a L\u00e9o Aquilla n\u00e3o se elegeu como vereadora em S\u00e3o Paulo e ter\u00e1 que voltar aos palcos do SuperPOP para debater com o pastor ex-gay.<\/div>\n<h3 style=\"background-color: white; box-sizing: border-box; font-weight: 400; line-height: 30px; margin: 27px 0px 17px; text-align: justify;\">\nB\u00d4NUS \u2013 EX-BBBs<\/h3>\n<div style=\"background-color: white; box-sizing: border-box; line-height: 26px; margin-bottom: 26px; text-align: justify;\">\nEx-BBB que se preze PRECISA se candidatar a vereador. E se voc\u00ea \u00e9 do time que acha que a Globo manipula as vota\u00e7\u00f5es do programa e que ningu\u00e9m liga para a emissora para escolher os vencedores do reality show, saiba que n\u00e3o s\u00f3 por telefone, as pessoas votam neles tamb\u00e9m NAS URNAS:<\/div>\n<h3 style=\"background-color: white; box-sizing: border-box; font-weight: 400; line-height: 30px; margin: 27px 0px 17px;\">\n<div style=\"text-align: justify;\">\nDiego Grossi: Ex-BBB 14<\/div>\n<div style=\"text-align: justify;\">\n<a href=\"http:\/\/static.sensacionalista.com.br\/wp-content\/uploads\/2016\/10\/diego_grossi.jpg\" style=\"background-color: transparent; box-sizing: border-box; text-decoration: none;\"><img loading=\"lazy\" decoding=\"async\" alt=\"diego_grossi\" class=\"size-full wp-image-83108 alignnone\" height=\"208\" src=\"http:\/\/static.sensacionalista.com.br\/wp-content\/uploads\/2016\/10\/diego_grossi.jpg\" style=\"border: 0px; box-sizing: border-box; display: inline-block; height: auto; margin: 6px 10px 0px 0px; max-width: 100%;\" width=\"620\" \/><\/a><\/div>\n<\/h3>\n<div style=\"background-color: white; box-sizing: border-box; line-height: 26px; margin-bottom: 26px; text-align: justify;\">\n494 votos no Rio de Janeiro<\/div>\n<h3 style=\"background-color: white; box-sizing: border-box; font-weight: 400; line-height: 30px; margin: 27px 0px 17px; text-align: justify;\">\nCezar Lima: Ex-BBB 15<a href=\"http:\/\/static.sensacionalista.com.br\/wp-content\/uploads\/2016\/10\/cezar_lima.jpg\" style=\"background-color: transparent; box-sizing: border-box; text-decoration: none;\"><img loading=\"lazy\" decoding=\"async\" alt=\"cezar_lima\" class=\"size-full wp-image-83109 alignnone\" height=\"210\" src=\"http:\/\/static.sensacionalista.com.br\/wp-content\/uploads\/2016\/10\/cezar_lima.jpg\" style=\"border: 0px; box-sizing: border-box; display: inline-block; height: auto; margin: 6px 10px 0px 0px; max-width: 100%;\" width=\"620\" \/><\/a><\/h3>\n<div style=\"background-color: white; box-sizing: border-box; line-height: 26px; margin-bottom: 26px; text-align: justify;\">\n3.165 votos em Curitiba.<\/div>\n<h3 style=\"background-color: white; box-sizing: border-box; font-weight: 400; line-height: 30px; margin: 27px 0px 17px;\">\n<div style=\"text-align: justify;\">\nPriscila Pires: Ex-BBB 9<\/div>\n<div style=\"text-align: justify;\">\n<a href=\"http:\/\/static.sensacionalista.com.br\/wp-content\/uploads\/2016\/10\/priscila_pires.jpg\" style=\"background-color: transparent; box-sizing: border-box; text-decoration: none;\"><img loading=\"lazy\" decoding=\"async\" alt=\"priscila_pires\" class=\"size-full wp-image-83110 alignnone\" height=\"206\" src=\"http:\/\/static.sensacionalista.com.br\/wp-content\/uploads\/2016\/10\/priscila_pires.jpg\" style=\"border: 0px; box-sizing: border-box; display: inline-block; height: auto; margin: 6px 10px 0px 0px; max-width: 100%;\" width=\"620\" \/><\/a><\/div>\n<\/h3>\n<div style=\"background-color: white; box-sizing: border-box; line-height: 26px; margin-bottom: 26px; text-align: justify;\">\n691 votos no Mato Grosso do Sul<\/div>\n<h3 style=\"background-color: white; box-sizing: border-box; font-weight: 400; line-height: 30px; margin: 27px 0px 17px;\">\n<div style=\"text-align: justify;\">\nTati Pink: Ex-BBB 5<\/div>\n<div style=\"text-align: justify;\">\n<a href=\"http:\/\/static.sensacionalista.com.br\/wp-content\/uploads\/2016\/10\/pink.jpg\" style=\"background-color: transparent; box-sizing: border-box; text-decoration: none;\"><img loading=\"lazy\" decoding=\"async\" alt=\"pink\" class=\"wp-image-83111 alignnone\" height=\"294\" src=\"http:\/\/static.sensacionalista.com.br\/wp-content\/uploads\/2016\/10\/pink.jpg\" style=\"border: 0px; box-sizing: border-box; display: inline-block; height: auto; margin: 6px 10px 0px 0px; max-width: 100%;\" width=\"600\" \/><\/a><\/div>\n<\/h3>\n<div style=\"background-color: white; box-sizing: border-box; line-height: 26px; margin-bottom: 26px; text-align: justify;\">\n901 votos em Recife.<\/div>\n<div style=\"background-color: white; box-sizing: border-box; line-height: 26px; margin-bottom: 26px; text-align: justify;\">\n<a href=\"http:\/\/static.sensacionalista.com.br\/wp-content\/uploads\/2016\/10\/WhatsApp-Image-2016-10-03-at-11.59.29.jpeg\" style=\"background-color: transparent; box-sizing: border-box; text-decoration: none;\"><img loading=\"lazy\" decoding=\"async\" alt=\"WhatsApp Image 2016-10-03 at 11.59.29\" class=\"alignnone size-full wp-image-83114\" height=\"201\" src=\"http:\/\/static.sensacionalista.com.br\/wp-content\/uploads\/2016\/10\/WhatsApp-Image-2016-10-03-at-11.59.29.jpeg\" style=\"border: 0px; box-sizing: border-box; display: inline-block; height: auto; margin: 6px 10px 0px 0px; max-width: 100%;\" width=\"599\" \/><\/a><\/div>\n<div style=\"background-color: white; box-sizing: border-box; line-height: 26px; margin-bottom: 26px; text-align: justify;\">\n2.932 votos em S\u00e3o Paulo<\/div>\n<div style=\"background-color: white; box-sizing: border-box; line-height: 26px; margin-bottom: 26px; text-align: justify;\">\nFonte: Senssacionalista.br<\/div>\n","protected":false},"excerpt":{"rendered":"<p>Sair no EGO semanalmente, tirar a roupa para alguma revista e participar de&nbsp;A Fazenda n\u00e3o s\u00e3o as \u00fanicas formas de&hellip;<\/p>\n","protected":false},"author":1,"featured_media":0,"comment_status":"open","ping_status":"open","sticky":false,"template":"","format":"standard","meta":{"footnotes":""},"categories":[1],"tags":[11927,11928,2,11929,11431,11930,11931,11932,11933],"class_list":["post-8098","post","type-post","status-publish","format-standard","hentry","category-sem-categoria","tag-11-subcelebridades-que-voce-nao-sabia-que-concorreram-e-que-perderam","tag-agnaldo-timoteo","tag-blog-do-edvaldo-magalhaes","tag-dudu-nobre","tag-eleicoes-2016","tag-marcelinho-carioca","tag-mc-serginho","tag-mulher-pera","tag-thammy-miranda"],"_links":{"self":[{"href":"https:\/\/blogdoedvaldomagalhaes.com.br\/index.php\/wp-json\/wp\/v2\/posts\/8098","targetHints":{"allow":["GET"]}}],"collection":[{"href":"https:\/\/blogdoedvaldomagalhaes.com.br\/index.php\/wp-json\/wp\/v2\/posts"}],"about":[{"href":"https:\/\/blogdoedvaldomagalhaes.com.br\/index.php\/wp-json\/wp\/v2\/types\/post"}],"author":[{"embeddable":true,"href":"https:\/\/blogdoedvaldomagalhaes.com.br\/index.php\/wp-json\/wp\/v2\/users\/1"}],"replies":[{"embeddable":true,"href":"https:\/\/blogdoedvaldomagalhaes.com.br\/index.php\/wp-json\/wp\/v2\/comments?post=8098"}],"version-history":[{"count":1,"href":"https:\/\/blogdoedvaldomagalhaes.com.br\/index.php\/wp-json\/wp\/v2\/posts\/8098\/revisions"}],"predecessor-version":[{"id":13009,"href":"https:\/\/blogdoedvaldomagalhaes.com.br\/index.php\/wp-json\/wp\/v2\/posts\/8098\/revisions\/13009"}],"wp:attachment":[{"href":"https:\/\/blogdoedvaldomagalhaes.com.br\/index.php\/wp-json\/wp\/v2\/media?parent=8098"}],"wp:term":[{"taxonomy":"category","embeddable":true,"href":"https:\/\/blogdoedvaldomagalhaes.com.br\/index.php\/wp-json\/wp\/v2\/categories?post=8098"},{"taxonomy":"post_tag","embeddable":true,"href":"https:\/\/blogdoedvaldomagalhaes.com.br\/index.php\/wp-json\/wp\/v2\/tags?post=8098"}],"curies":[{"name":"wp","href":"https:\/\/api.w.org\/{rel}","templated":true}]}}