{"id":8092,"date":"2016-10-04T16:03:00","date_gmt":"2016-10-04T19:03:00","guid":{"rendered":"http:\/\/blogdoedvaldomagalhaes.com.br\/index.php\/2016\/10\/04\/eleitor-que-nao-votou-no-1-turno-vota\/"},"modified":"2019-02-09T01:01:44","modified_gmt":"2019-02-09T03:01:44","slug":"eleitor-que-nao-votou-no-1-turno-vota","status":"publish","type":"post","link":"https:\/\/blogdoedvaldomagalhaes.com.br\/index.php\/2016\/10\/04\/eleitor-que-nao-votou-no-1-turno-vota\/","title":{"rendered":"Eleitor que n\u00e3o votou no 1\u00ba turno, vota normalmente no 2\u00ba turno das elei\u00e7\u00f5es"},"content":{"rendered":"<div class=\"separator\" style=\"clear: both; text-align: center;\">\n<a href=\"https:\/\/2.bp.blogspot.com\/-DfSCzxR531A\/V_PQMtt8mpI\/AAAAAAAAHqY\/H2tjpEF1VWQOsowQ-dTk-XTGIrLcBsWnACLcB\/s1600\/absten%25C3%25A7%25C3%25A3o.jpg\" imageanchor=\"1\" style=\"margin-left: 1em; margin-right: 1em;\"><img loading=\"lazy\" decoding=\"async\" border=\"0\" height=\"223\" src=\"http:\/\/blogdoedvaldomagalhaes.com.br\/wp-content\/uploads\/2016\/10\/abstenC3A7C3A3o.jpg\" width=\"400\" \/><\/a><\/div>\n<div class=\"separator\" style=\"clear: both; text-align: center;\">\n<\/div>\n<div class=\"separator\" style=\"clear: both; text-align: justify;\">\nA absten\u00e7\u00e3o no 1\u00ba turno das elei\u00e7\u00f5es municipais de Caruaru, no \u00faltimo domingo (02), foi de 10,83%, ou seja, 22.740 mil eleitores deixaram de votar, e todos eles s\u00e3o obrigados a votar no 2\u00ba turno, no pr\u00f3ximo dia 30. Quem estava fora do domic\u00edlio eleitoral vota normalmente, e caso o eleitor n\u00e3o tenha justificado a aus\u00eancia, tem um prazo de 60 dias para comparecer no cart\u00f3rio eleitoral e justificar.<\/div>\n","protected":false},"excerpt":{"rendered":"<p>A absten\u00e7\u00e3o no 1\u00ba turno das elei\u00e7\u00f5es municipais de Caruaru, no \u00faltimo domingo (02), foi de 10,83%, ou seja, 22.740&hellip;<\/p>\n","protected":false},"author":1,"featured_media":0,"comment_status":"open","ping_status":"open","sticky":false,"template":"","format":"standard","meta":{"footnotes":""},"categories":[1],"tags":[2,11431,11918],"class_list":["post-8092","post","type-post","status-publish","format-standard","hentry","category-sem-categoria","tag-blog-do-edvaldo-magalhaes","tag-eleicoes-2016","tag-eleitor-que-nao-votou-no-1o-turno-vota-normalmente-no-2o-turno"],"_links":{"self":[{"href":"https:\/\/blogdoedvaldomagalhaes.com.br\/index.php\/wp-json\/wp\/v2\/posts\/8092","targetHints":{"allow":["GET"]}}],"collection":[{"href":"https:\/\/blogdoedvaldomagalhaes.com.br\/index.php\/wp-json\/wp\/v2\/posts"}],"about":[{"href":"https:\/\/blogdoedvaldomagalhaes.com.br\/index.php\/wp-json\/wp\/v2\/types\/post"}],"author":[{"embeddable":true,"href":"https:\/\/blogdoedvaldomagalhaes.com.br\/index.php\/wp-json\/wp\/v2\/users\/1"}],"replies":[{"embeddable":true,"href":"https:\/\/blogdoedvaldomagalhaes.com.br\/index.php\/wp-json\/wp\/v2\/comments?post=8092"}],"version-history":[{"count":1,"href":"https:\/\/blogdoedvaldomagalhaes.com.br\/index.php\/wp-json\/wp\/v2\/posts\/8092\/revisions"}],"predecessor-version":[{"id":13023,"href":"https:\/\/blogdoedvaldomagalhaes.com.br\/index.php\/wp-json\/wp\/v2\/posts\/8092\/revisions\/13023"}],"wp:attachment":[{"href":"https:\/\/blogdoedvaldomagalhaes.com.br\/index.php\/wp-json\/wp\/v2\/media?parent=8092"}],"wp:term":[{"taxonomy":"category","embeddable":true,"href":"https:\/\/blogdoedvaldomagalhaes.com.br\/index.php\/wp-json\/wp\/v2\/categories?post=8092"},{"taxonomy":"post_tag","embeddable":true,"href":"https:\/\/blogdoedvaldomagalhaes.com.br\/index.php\/wp-json\/wp\/v2\/tags?post=8092"}],"curies":[{"name":"wp","href":"https:\/\/api.w.org\/{rel}","templated":true}]}}