{"id":8091,"date":"2016-10-04T16:27:00","date_gmt":"2016-10-04T19:27:00","guid":{"rendered":"http:\/\/blogdoedvaldomagalhaes.com.br\/index.php\/2016\/10\/04\/pm-prende-tarado-que-estuprou-menino-de\/"},"modified":"2019-02-09T01:01:44","modified_gmt":"2019-02-09T03:01:44","slug":"pm-prende-tarado-que-estuprou-menino-de","status":"publish","type":"post","link":"https:\/\/blogdoedvaldomagalhaes.com.br\/index.php\/2016\/10\/04\/pm-prende-tarado-que-estuprou-menino-de\/","title":{"rendered":"PM prende tarado que estuprou menino de 08 anos no centro de Caruaru"},"content":{"rendered":"<div style=\"background: rgb(255, 255, 255); line-height: 1.45em; outline: 0px; padding: 0px 0px 1.5em;\">\n<\/div>\n<div class=\"separator\" style=\"clear: both; text-align: center;\">\n<a href=\"https:\/\/3.bp.blogspot.com\/-tU_ShREOa5U\/V_PYX4RkH0I\/AAAAAAAAHqs\/oPNg9Zw2zDENFgYcnZBsuzlfWSpyVOAbgCLcB\/s1600\/estupro.jpg\" imageanchor=\"1\" style=\"margin-left: 1em; margin-right: 1em;\"><img loading=\"lazy\" decoding=\"async\" border=\"0\" height=\"142\" src=\"http:\/\/blogdoedvaldomagalhaes.com.br\/wp-content\/uploads\/2016\/10\/estupro.jpg\" width=\"400\" \/><\/a><\/div>\n<div class=\"separator\" style=\"clear: both; text-align: center;\">\n<\/div>\n<div style=\"letter-spacing: -0.02em; text-align: justify;\">\nA Pol\u00edcia Militar prendeu em flagrante nessa segunda-feira (04), um homem de 32 anos de idade, suspeito de estuprar um menino de apenas 08 anos, na antiga Esta\u00e7\u00e3o Ferrovi\u00e1ria, no centro de Caruaru. Segundo informa\u00e7\u00f5es da pol\u00edcia, as c\u00e2meras de monitoramento da Secretaria de Defesa Social (SDS) conseguiram capturar o momento no qual o acusado aborda o menino e comete o abuso sexual.&nbsp;O tarado foi autuado em flagrante por estupro de vulner\u00e1vel.<\/div>\n<p><\/p>\n<div style=\"background: rgb(255, 255, 255); letter-spacing: -0.02em; line-height: 1.45em; outline: 0px; padding: 0px 0px 1.5em; text-align: justify;\">\nO criminoso, que foi conduzido \u00e0 Delegacia de Pol\u00edcia Civil junto com a v\u00edtima. A m\u00e3e da crian\u00e7a informou \u00e0 PM que o menino havia fugido de casa. O suspeito ser\u00e1 apresentado em audi\u00eancia de cust\u00f3dia para decidir para qual unidade prisional ele ser\u00e1 levado.<\/div>\n","protected":false},"excerpt":{"rendered":"<p>A Pol\u00edcia Militar prendeu em flagrante nessa segunda-feira (04), um homem de 32 anos de idade, suspeito de estuprar um&hellip;<\/p>\n","protected":false},"author":1,"featured_media":0,"comment_status":"open","ping_status":"open","sticky":false,"template":"","format":"standard","meta":{"footnotes":""},"categories":[1],"tags":[2,3791,2014,11917,6173,13],"class_list":["post-8091","post","type-post","status-publish","format-standard","hentry","category-sem-categoria","tag-blog-do-edvaldo-magalhaes","tag-centro-de-caruaru","tag-estacao-ferroviaria","tag-pm-prende-tarado-que-estuprou-menino-de-08-anos-no-centro-de-caruaru","tag-policia-militar","tag-policial"],"_links":{"self":[{"href":"https:\/\/blogdoedvaldomagalhaes.com.br\/index.php\/wp-json\/wp\/v2\/posts\/8091","targetHints":{"allow":["GET"]}}],"collection":[{"href":"https:\/\/blogdoedvaldomagalhaes.com.br\/index.php\/wp-json\/wp\/v2\/posts"}],"about":[{"href":"https:\/\/blogdoedvaldomagalhaes.com.br\/index.php\/wp-json\/wp\/v2\/types\/post"}],"author":[{"embeddable":true,"href":"https:\/\/blogdoedvaldomagalhaes.com.br\/index.php\/wp-json\/wp\/v2\/users\/1"}],"replies":[{"embeddable":true,"href":"https:\/\/blogdoedvaldomagalhaes.com.br\/index.php\/wp-json\/wp\/v2\/comments?post=8091"}],"version-history":[{"count":1,"href":"https:\/\/blogdoedvaldomagalhaes.com.br\/index.php\/wp-json\/wp\/v2\/posts\/8091\/revisions"}],"predecessor-version":[{"id":13025,"href":"https:\/\/blogdoedvaldomagalhaes.com.br\/index.php\/wp-json\/wp\/v2\/posts\/8091\/revisions\/13025"}],"wp:attachment":[{"href":"https:\/\/blogdoedvaldomagalhaes.com.br\/index.php\/wp-json\/wp\/v2\/media?parent=8091"}],"wp:term":[{"taxonomy":"category","embeddable":true,"href":"https:\/\/blogdoedvaldomagalhaes.com.br\/index.php\/wp-json\/wp\/v2\/categories?post=8091"},{"taxonomy":"post_tag","embeddable":true,"href":"https:\/\/blogdoedvaldomagalhaes.com.br\/index.php\/wp-json\/wp\/v2\/tags?post=8091"}],"curies":[{"name":"wp","href":"https:\/\/api.w.org\/{rel}","templated":true}]}}