{"id":8086,"date":"2016-10-05T09:57:00","date_gmt":"2016-10-05T12:57:00","guid":{"rendered":"http:\/\/blogdoedvaldomagalhaes.com.br\/index.php\/2016\/10\/05\/confirmado-wolney-e-jose-queiroz-ja\/"},"modified":"2019-02-09T01:01:48","modified_gmt":"2019-02-09T03:01:48","slug":"confirmado-wolney-e-jose-queiroz-ja","status":"publish","type":"post","link":"https:\/\/blogdoedvaldomagalhaes.com.br\/index.php\/2016\/10\/05\/confirmado-wolney-e-jose-queiroz-ja\/","title":{"rendered":"Confirmado: Wolney e Jos\u00e9 Queiroz j\u00e1 definiram quem v\u00e3o apoiar no 2\u00ba turno"},"content":{"rendered":"<div class=\"separator\" style=\"clear: both; text-align: center;\">\n<a href=\"https:\/\/3.bp.blogspot.com\/-dYPYpcMSaTI\/V_TMmu9txaI\/AAAAAAAAHsA\/fXY_GPDml-glUfYqKZ0FFVV5_ck5MwmOgCLcB\/s1600\/z%25C3%25A9.jpg\" imageanchor=\"1\" style=\"margin-left: 1em; margin-right: 1em;\"><img loading=\"lazy\" decoding=\"async\" border=\"0\" height=\"262\" src=\"http:\/\/blogdoedvaldomagalhaes.com.br\/wp-content\/uploads\/2016\/10\/zC3A9.jpg\" width=\"400\" \/><\/a><\/div>\n<div class=\"separator\" style=\"clear: both; text-align: center;\">\n<\/div>\n<div class=\"separator\" style=\"clear: both; text-align: justify;\">\nO prefeito Jos\u00e9 Queiroz e o deputado federal Wolney Queiroz (ambos do PDT), anunciaram oficialmente \u00e0s 10h desta quarta-feira (05), o apoio a candidatura de Raquel Lyra Lyra (PSDB) a prefeitura de Caruaru. O an\u00fancio ser\u00e1 no im\u00f3vel de Jos\u00e9 Queiroz, na avenida Agamenon Magalh\u00e3es, no bairro Maur\u00edcio de Nassau, onde funcionou o comit\u00ea de Jorge Gomes (PSB), na campanha do 1\u00ba turno.<\/div>\n<div class=\"separator\" style=\"clear: both; text-align: justify;\">\n<\/div>\n<div class=\"separator\" style=\"clear: both; text-align: justify;\">\nOs vereadores eleitos e aqueles que foram candidatos a vereador e n\u00e3o se elegeram, militantes, simpatizantes e outros partidos tamb\u00e9m estar\u00e3o presentes e ir\u00e3o apoiar Raquel.<\/div>\n<div class=\"separator\" style=\"clear: both; text-align: justify;\">\n<\/div>\n<div class=\"separator\" style=\"clear: both; text-align: justify;\">\nO casal Jorge Gomes e Laura Gomes n\u00e3o confirmaram presen\u00e7a.<\/div>\n<div class=\"separator\" style=\"clear: both; text-align: justify;\">\n<\/div>\n<div class=\"separator\" style=\"clear: both; text-align: justify;\">\nChama a aten\u00e7\u00e3o as troca de farpas entre Wolney e Queiroz contra Raquel e Jo\u00e3o Lyra, e vice versa, nos \u00faltimos anos, e agora est\u00e3o juntos mais uma vez em uma campanha. As explica\u00e7\u00f5es ser\u00e3o dadas nesta manh\u00e3&nbsp;<\/div>\n<div style=\"text-align: justify;\">\n<\/div>\n","protected":false},"excerpt":{"rendered":"<p>O prefeito Jos\u00e9 Queiroz e o deputado federal Wolney Queiroz (ambos do PDT), anunciaram oficialmente \u00e0s 10h desta quarta-feira (05),&hellip;<\/p>\n","protected":false},"author":1,"featured_media":0,"comment_status":"open","ping_status":"open","sticky":false,"template":"","format":"standard","meta":{"footnotes":""},"categories":[1],"tags":[3558,1413,2,11913,11431,5151,3634],"class_list":["post-8086","post","type-post","status-publish","format-standard","hentry","category-sem-categoria","tag-avenida-agamenon-magalhaes","tag-bairro-mauricio-de-nassau","tag-blog-do-edvaldo-magalhaes","tag-confirmado-wolney-e-jose-queiroz-ja-definiram-quem-vao-apoiar-no-2o-turno","tag-eleicoes-2016","tag-jorge-gomes","tag-pdt"],"_links":{"self":[{"href":"https:\/\/blogdoedvaldomagalhaes.com.br\/index.php\/wp-json\/wp\/v2\/posts\/8086","targetHints":{"allow":["GET"]}}],"collection":[{"href":"https:\/\/blogdoedvaldomagalhaes.com.br\/index.php\/wp-json\/wp\/v2\/posts"}],"about":[{"href":"https:\/\/blogdoedvaldomagalhaes.com.br\/index.php\/wp-json\/wp\/v2\/types\/post"}],"author":[{"embeddable":true,"href":"https:\/\/blogdoedvaldomagalhaes.com.br\/index.php\/wp-json\/wp\/v2\/users\/1"}],"replies":[{"embeddable":true,"href":"https:\/\/blogdoedvaldomagalhaes.com.br\/index.php\/wp-json\/wp\/v2\/comments?post=8086"}],"version-history":[{"count":1,"href":"https:\/\/blogdoedvaldomagalhaes.com.br\/index.php\/wp-json\/wp\/v2\/posts\/8086\/revisions"}],"predecessor-version":[{"id":13035,"href":"https:\/\/blogdoedvaldomagalhaes.com.br\/index.php\/wp-json\/wp\/v2\/posts\/8086\/revisions\/13035"}],"wp:attachment":[{"href":"https:\/\/blogdoedvaldomagalhaes.com.br\/index.php\/wp-json\/wp\/v2\/media?parent=8086"}],"wp:term":[{"taxonomy":"category","embeddable":true,"href":"https:\/\/blogdoedvaldomagalhaes.com.br\/index.php\/wp-json\/wp\/v2\/categories?post=8086"},{"taxonomy":"post_tag","embeddable":true,"href":"https:\/\/blogdoedvaldomagalhaes.com.br\/index.php\/wp-json\/wp\/v2\/tags?post=8086"}],"curies":[{"name":"wp","href":"https:\/\/api.w.org\/{rel}","templated":true}]}}