{"id":8084,"date":"2016-10-05T11:32:00","date_gmt":"2016-10-05T14:32:00","guid":{"rendered":"http:\/\/blogdoedvaldomagalhaes.com.br\/index.php\/2016\/10\/05\/tony-gel-tera-governador-paulo-camara\/"},"modified":"2019-02-09T01:01:48","modified_gmt":"2019-02-09T03:01:48","slug":"tony-gel-tera-governador-paulo-camara","status":"publish","type":"post","link":"https:\/\/blogdoedvaldomagalhaes.com.br\/index.php\/2016\/10\/05\/tony-gel-tera-governador-paulo-camara\/","title":{"rendered":"Tony Gel ter\u00e1 governador Paulo C\u00e2mara na sua campanha no 2\u00ba turno"},"content":{"rendered":"<div class=\"separator\" style=\"clear: both; text-align: center;\">\n<a href=\"https:\/\/4.bp.blogspot.com\/-YwhhiQCK2nY\/V_Ti_NCUp3I\/AAAAAAAAHsg\/KPyzHnUOBp84A0eGJL9yoRYrD5UWJ6FTwCLcB\/s1600\/tony.jpg\" imageanchor=\"1\" style=\"margin-left: 1em; margin-right: 1em;\"><img loading=\"lazy\" decoding=\"async\" border=\"0\" height=\"400\" src=\"http:\/\/blogdoedvaldomagalhaes.com.br\/wp-content\/uploads\/2016\/10\/tony-2.jpg\" width=\"265\" \/><\/a><\/div>\n<div class=\"separator\" style=\"clear: both; text-align: center;\">\n<\/div>\n<div class=\"separator\" style=\"clear: both; text-align: justify;\">\nO candidato a prefeito de Caruaru, Tony Gel (PMDB), disse em entrevista ao Di\u00e1rio de Pernambuco que, contar\u00e1 com o refor\u00e7o de Paulo C\u00e2mara (PSB) na sua campanha. Segundo Tony, o governador se colocou \u00e0 disposi\u00e7\u00e3o para participar das mobiliza\u00e7\u00f5es. &#8220;Conversei com ele. Vamos gravar para o guia eleitoral. Depois marcaremos um evento de rua&#8221;, disse Tony Gel a reportagem do Di\u00e1rio de Pernambuco, desta quarta-feira (05).<\/div>\n<div style=\"text-align: justify;\">\n<\/div>\n","protected":false},"excerpt":{"rendered":"<p>O candidato a prefeito de Caruaru, Tony Gel (PMDB), disse em entrevista ao Di\u00e1rio de Pernambuco que, contar\u00e1 com o&hellip;<\/p>\n","protected":false},"author":1,"featured_media":0,"comment_status":"open","ping_status":"open","sticky":false,"template":"","format":"standard","meta":{"footnotes":""},"categories":[1],"tags":[2,11862,11431,4966,381,11911],"class_list":["post-8084","post","type-post","status-publish","format-standard","hentry","category-sem-categoria","tag-blog-do-edvaldo-magalhaes","tag-diario-de-pernambuco","tag-eleicoes-2016","tag-pmdb","tag-psb","tag-tony-gel-tera-governador-paulo-camara-na-sua-campanha-no-2o-turno"],"_links":{"self":[{"href":"https:\/\/blogdoedvaldomagalhaes.com.br\/index.php\/wp-json\/wp\/v2\/posts\/8084","targetHints":{"allow":["GET"]}}],"collection":[{"href":"https:\/\/blogdoedvaldomagalhaes.com.br\/index.php\/wp-json\/wp\/v2\/posts"}],"about":[{"href":"https:\/\/blogdoedvaldomagalhaes.com.br\/index.php\/wp-json\/wp\/v2\/types\/post"}],"author":[{"embeddable":true,"href":"https:\/\/blogdoedvaldomagalhaes.com.br\/index.php\/wp-json\/wp\/v2\/users\/1"}],"replies":[{"embeddable":true,"href":"https:\/\/blogdoedvaldomagalhaes.com.br\/index.php\/wp-json\/wp\/v2\/comments?post=8084"}],"version-history":[{"count":1,"href":"https:\/\/blogdoedvaldomagalhaes.com.br\/index.php\/wp-json\/wp\/v2\/posts\/8084\/revisions"}],"predecessor-version":[{"id":13039,"href":"https:\/\/blogdoedvaldomagalhaes.com.br\/index.php\/wp-json\/wp\/v2\/posts\/8084\/revisions\/13039"}],"wp:attachment":[{"href":"https:\/\/blogdoedvaldomagalhaes.com.br\/index.php\/wp-json\/wp\/v2\/media?parent=8084"}],"wp:term":[{"taxonomy":"category","embeddable":true,"href":"https:\/\/blogdoedvaldomagalhaes.com.br\/index.php\/wp-json\/wp\/v2\/categories?post=8084"},{"taxonomy":"post_tag","embeddable":true,"href":"https:\/\/blogdoedvaldomagalhaes.com.br\/index.php\/wp-json\/wp\/v2\/tags?post=8084"}],"curies":[{"name":"wp","href":"https:\/\/api.w.org\/{rel}","templated":true}]}}