{"id":8073,"date":"2016-10-06T16:50:00","date_gmt":"2016-10-06T19:50:00","guid":{"rendered":"http:\/\/blogdoedvaldomagalhaes.com.br\/index.php\/2016\/10\/06\/pesquisa-para-prefeito-de-caruaru-no-2\/"},"modified":"2019-02-09T01:01:54","modified_gmt":"2019-02-09T03:01:54","slug":"pesquisa-para-prefeito-de-caruaru-no-2","status":"publish","type":"post","link":"https:\/\/blogdoedvaldomagalhaes.com.br\/index.php\/2016\/10\/06\/pesquisa-para-prefeito-de-caruaru-no-2\/","title":{"rendered":"Pesquisa para prefeito de Caruaru no 2\u00ba turno retirada no site do TSE"},"content":{"rendered":"<div class=\"separator\" style=\"clear: both; text-align: center;\">\n<a href=\"https:\/\/1.bp.blogspot.com\/-hi1sMwyPRFk\/V_Z-x8ThHwI\/AAAAAAAAHws\/YSJry6FdAI0d2nHkxUO57cDphIxHMgHWgCLcB\/s1600\/pesquisa.jpg\" imageanchor=\"1\" style=\"margin-left: 1em; margin-right: 1em;\"><img loading=\"lazy\" decoding=\"async\" border=\"0\" height=\"225\" src=\"http:\/\/blogdoedvaldomagalhaes.com.br\/wp-content\/uploads\/2016\/10\/pesquisa-2.jpg\" width=\"400\" \/><\/a><\/div>\n<div class=\"separator\" style=\"clear: both; text-align: center;\">\n<\/div>\n<div class=\"separator\" style=\"background-color: white; clear: both; color: #333333; text-align: justify;\">\nForam retirados do site do Tribunal Superior Eleitoral (TSE), os tr\u00eas registros de pesquisas para prefeito de Caruaru no 2\u00ba turno. As tr\u00eas pesquisas estavam com os mesmos dados, ou seja, registro no mesmo dia, data de divulga\u00e7\u00e3o e coletas dos dados iguais, al\u00e9m de ser o mesmo instituto, s\u00f3 eram diferentes n\u00fameros de protocolo. N\u00e3o sabemos ainda por qual motivo os registros das pesquisas foram retirados do site do TSE. Por enquanto, n\u00e3o existe previs\u00e3o de pesquisa para o 2\u00ba turno, em Caruaru.<\/div>\n<div class=\"separator\" style=\"background-color: white; clear: both; color: #333333; text-align: justify;\">\n<\/div>\n<div class=\"separator\" style=\"background-color: white; clear: both; color: #333333; text-align: justify;\">\nVeja um print, de um dos registros da pesquisa:<\/div>\n<div class=\"separator\" style=\"background-color: white; clear: both; color: #333333; text-align: justify;\">\n<\/div>\n<div class=\"separator\" style=\"background-color: white; clear: both; color: #333333; text-align: justify;\">\n<div class=\"separator\" style=\"clear: both;\">\nData de registro:&nbsp;30\/09\/2016<\/div>\n<div class=\"separator\" style=\"clear: both;\">\n<\/div>\n<div class=\"separator\" style=\"clear: both;\">\nData de divulga\u00e7\u00e3o:&nbsp;06\/10\/2016<\/div>\n<div class=\"separator\" style=\"clear: both;\">\n<\/div>\n<div class=\"separator\" style=\"clear: both;\">\nEmpresa contratada\/ Nome Fantasia:&nbsp;CNPJ: 11849437000110 &#8211; IPESPE INST DE PESQUISAS SOCIAIS POLITICAS E ECONOMICAS<\/div>\n<div class=\"separator\" style=\"clear: both;\">\n<\/div>\n<div class=\"separator\" style=\"clear: both;\">\nN\u00famero de Entrevistados:&nbsp;400<\/div>\n<div class=\"separator\" style=\"clear: both;\">\n<\/div>\n<div class=\"separator\" style=\"clear: both;\">\nData de in\u00edcio da pesquisa:&nbsp;04\/10\/2016<\/div>\n<div class=\"separator\" style=\"clear: both;\">\n<\/div>\n<div class=\"separator\" style=\"clear: both;\">\nData de t\u00e9rmino da pesquisa:&nbsp;05\/10\/2016<\/div>\n<div class=\"separator\" style=\"clear: both;\">\n<\/div>\n<div class=\"separator\" style=\"clear: both;\">\nEstat\u00edstico respons\u00e1vel:&nbsp;Joaquim Andr\u00e9 Hermes Figueiredo<\/div>\n<div class=\"separator\" style=\"clear: both;\">\n<\/div>\n<div class=\"separator\" style=\"clear: both;\">\nValor:&nbsp;R$ 8.400,00<\/div>\n<div class=\"separator\" style=\"clear: both;\">\n<\/div>\n<div class=\"separator\" style=\"clear: both;\">\nContratante \u00e9 a pr\u00f3pria empresa?&nbsp;Sim (Nota fiscal n\u00e3o exigida)<\/div>\n<div class=\"separator\" style=\"clear: both;\">\n<\/div>\n<div class=\"separator\" style=\"clear: both;\">\nContratante(s):&nbsp;&nbsp;CNPJ: 11849437000110 &#8211; IPESPE INST DE PESQUISAS SOCIAIS POLITICAS E ECONOMICAS<\/div>\n<div class=\"separator\" style=\"clear: both;\">\n<\/div>\n<div class=\"separator\" style=\"clear: both;\">\nPagante(s) do trabalho:&nbsp;&nbsp;CNPJ: 11849437000110 &#8211; IPESPE INST DE PESQUISAS SOCIAIS POLITICAS E ECONOMICAS.<\/div>\n<\/div>\n<div class=\"separator\" style=\"background-color: white; clear: both; color: #333333; font-family: Arial, Tahoma, Helvetica, FreeSans, sans-serif; font-size: 14.85px; text-align: justify;\">\n<\/div>\n","protected":false},"excerpt":{"rendered":"<p>Foram retirados do site do Tribunal Superior Eleitoral (TSE), os tr\u00eas registros de pesquisas para prefeito de Caruaru no 2\u00ba&hellip;<\/p>\n","protected":false},"author":1,"featured_media":0,"comment_status":"open","ping_status":"open","sticky":false,"template":"","format":"standard","meta":{"footnotes":""},"categories":[1],"tags":[2,11431,11892,11893,4562],"class_list":["post-8073","post","type-post","status-publish","format-standard","hentry","category-sem-categoria","tag-blog-do-edvaldo-magalhaes","tag-eleicoes-2016","tag-ipespe-instituto-de-pesquisas","tag-pesquisa-para-prefeito-de-caruaru-no-2o-turno-retirada-no-site-do-tse","tag-tse"],"_links":{"self":[{"href":"https:\/\/blogdoedvaldomagalhaes.com.br\/index.php\/wp-json\/wp\/v2\/posts\/8073","targetHints":{"allow":["GET"]}}],"collection":[{"href":"https:\/\/blogdoedvaldomagalhaes.com.br\/index.php\/wp-json\/wp\/v2\/posts"}],"about":[{"href":"https:\/\/blogdoedvaldomagalhaes.com.br\/index.php\/wp-json\/wp\/v2\/types\/post"}],"author":[{"embeddable":true,"href":"https:\/\/blogdoedvaldomagalhaes.com.br\/index.php\/wp-json\/wp\/v2\/users\/1"}],"replies":[{"embeddable":true,"href":"https:\/\/blogdoedvaldomagalhaes.com.br\/index.php\/wp-json\/wp\/v2\/comments?post=8073"}],"version-history":[{"count":1,"href":"https:\/\/blogdoedvaldomagalhaes.com.br\/index.php\/wp-json\/wp\/v2\/posts\/8073\/revisions"}],"predecessor-version":[{"id":13073,"href":"https:\/\/blogdoedvaldomagalhaes.com.br\/index.php\/wp-json\/wp\/v2\/posts\/8073\/revisions\/13073"}],"wp:attachment":[{"href":"https:\/\/blogdoedvaldomagalhaes.com.br\/index.php\/wp-json\/wp\/v2\/media?parent=8073"}],"wp:term":[{"taxonomy":"category","embeddable":true,"href":"https:\/\/blogdoedvaldomagalhaes.com.br\/index.php\/wp-json\/wp\/v2\/categories?post=8073"},{"taxonomy":"post_tag","embeddable":true,"href":"https:\/\/blogdoedvaldomagalhaes.com.br\/index.php\/wp-json\/wp\/v2\/tags?post=8073"}],"curies":[{"name":"wp","href":"https:\/\/api.w.org\/{rel}","templated":true}]}}