{"id":8072,"date":"2016-10-06T21:50:00","date_gmt":"2016-10-07T00:50:00","guid":{"rendered":"http:\/\/blogdoedvaldomagalhaes.com.br\/index.php\/2016\/10\/06\/tony-gel-o-meu-acordo-e-com-o-povo-de\/"},"modified":"2019-02-09T01:01:55","modified_gmt":"2019-02-09T03:01:55","slug":"tony-gel-o-meu-acordo-e-com-o-povo-de","status":"publish","type":"post","link":"https:\/\/blogdoedvaldomagalhaes.com.br\/index.php\/2016\/10\/06\/tony-gel-o-meu-acordo-e-com-o-povo-de\/","title":{"rendered":"Tony Gel: &#8220;O meu acordo \u00e9 com o povo de Caruaru&#8221;"},"content":{"rendered":"<div class=\"separator\" style=\"clear: both; text-align: center;\">\n<a href=\"https:\/\/2.bp.blogspot.com\/-rB7yk9DHQCY\/V_bGqQ_FIhI\/AAAAAAAAHxA\/wMWqTbzucF01H83BDXujvHZc1gLW1BnoACLcB\/s1600\/tony%2B1.jpg\" imageanchor=\"1\" style=\"margin-left: 1em; margin-right: 1em;\"><img loading=\"lazy\" decoding=\"async\" border=\"0\" height=\"301\" src=\"http:\/\/blogdoedvaldomagalhaes.com.br\/wp-content\/uploads\/2016\/10\/tony1.jpg\" width=\"400\" \/><\/a><\/div>\n<div class=\"m_253607729556396676gmail-MsoNoSpacing\" style=\"background-color: white; text-align: justify;\">\n<\/div>\n<div class=\"m_253607729556396676gmail-MsoNoSpacing\" style=\"background-color: white; text-align: justify;\">\nO candidato a prefeito de Caruaru, Tony Gel (PMDB), se posicionou nessa quarta-feira (05) quanto a poss\u00edveis alian\u00e7as pol\u00edticas para enfrentar o segundo turno das elei\u00e7\u00f5es no munic\u00edpio. Para o candidato, acordos pol\u00edticos devem passar pela aprova\u00e7\u00e3o da popula\u00e7\u00e3o. &#8220;Tudo tem que ser combinado com o povo, porque ele \u00e9 soberano. O meu acordo \u00e9 com a for\u00e7a do povo de Caruaru e tenho muita confian\u00e7a nele&#8221;, afirmou.<\/div>\n<div class=\"m_253607729556396676gmail-MsoNoSpacing\" style=\"background-color: white; text-align: justify;\">\nQuanto ao atual cen\u00e1rio pol\u00edtico apresentado em Caruaru, Tony Gel foi enf\u00e1tico ao dizer que cabe ao povo avaliar a situa\u00e7\u00e3o. &#8220;Esses acordos visando \u00e0s pr\u00f3ximas elei\u00e7\u00f5es, n\u00e3o sei se o povo aprova. Meu eleitorado n\u00e3o aceita esse tipo de neg\u00f3cio&#8221;, ressaltou.<\/div>\n<div class=\"m_253607729556396676gmail-MsoNoSpacing\" style=\"background-color: white; text-align: justify;\">\nO peemedebista segue na disputa pela prefeitura municipal com o apoio da popula\u00e7\u00e3o, tanto na zona urbana como na rural, que concedeu a ele mais de 63.000 votos no \u00faltimo dia 2 de outubro. &#8220;Fizemos uma campanha limpa e iremos em frente at\u00e9 a vit\u00f3ria. Aqueles que n\u00e3o votaram em mim, acompanhem nossas propostas e avaliem o que \u00e9 o melhor para Caruaru&#8221;, disse Tony Gel.&nbsp;<\/div>\n<div class=\"m_253607729556396676gmail-MsoNoSpacing\" style=\"background-color: white; color: #222222; font-family: arial, sans-serif; font-size: 12.8px; text-align: justify;\">\n<\/div>\n<div class=\"separator\" style=\"clear: both; text-align: center;\">\n<a href=\"https:\/\/1.bp.blogspot.com\/-qG0bvkcJzAE\/V_bGv-JRfiI\/AAAAAAAAHxE\/Mrtgr3GOjVcth5yEnNt7xDldZRzzuRfngCLcB\/s1600\/tony.jpg\" imageanchor=\"1\" style=\"margin-left: 1em; margin-right: 1em;\"><img loading=\"lazy\" decoding=\"async\" border=\"0\" height=\"278\" src=\"http:\/\/blogdoedvaldomagalhaes.com.br\/wp-content\/uploads\/2016\/10\/tony-4.jpg\" width=\"400\" \/><\/a><\/div>\n<div class=\"m_253607729556396676gmail-MsoNoSpacing\" style=\"background-color: white; color: #222222; font-family: arial, sans-serif; font-size: 12.8px; text-align: justify;\">\n<\/div>\n","protected":false},"excerpt":{"rendered":"<p>O candidato a prefeito de Caruaru, Tony Gel (PMDB), se posicionou nessa quarta-feira (05) quanto a poss\u00edveis alian\u00e7as pol\u00edticas para&hellip;<\/p>\n","protected":false},"author":1,"featured_media":0,"comment_status":"open","ping_status":"open","sticky":false,"template":"","format":"standard","meta":{"footnotes":""},"categories":[1],"tags":[2,11431,3121,4966,11891],"class_list":["post-8072","post","type-post","status-publish","format-standard","hentry","category-sem-categoria","tag-blog-do-edvaldo-magalhaes","tag-eleicoes-2016","tag-noticias-da-politica","tag-pmdb","tag-tony-gel-o-meu-acordo-e-com-o-povo-de-caruaru"],"_links":{"self":[{"href":"https:\/\/blogdoedvaldomagalhaes.com.br\/index.php\/wp-json\/wp\/v2\/posts\/8072","targetHints":{"allow":["GET"]}}],"collection":[{"href":"https:\/\/blogdoedvaldomagalhaes.com.br\/index.php\/wp-json\/wp\/v2\/posts"}],"about":[{"href":"https:\/\/blogdoedvaldomagalhaes.com.br\/index.php\/wp-json\/wp\/v2\/types\/post"}],"author":[{"embeddable":true,"href":"https:\/\/blogdoedvaldomagalhaes.com.br\/index.php\/wp-json\/wp\/v2\/users\/1"}],"replies":[{"embeddable":true,"href":"https:\/\/blogdoedvaldomagalhaes.com.br\/index.php\/wp-json\/wp\/v2\/comments?post=8072"}],"version-history":[{"count":1,"href":"https:\/\/blogdoedvaldomagalhaes.com.br\/index.php\/wp-json\/wp\/v2\/posts\/8072\/revisions"}],"predecessor-version":[{"id":13076,"href":"https:\/\/blogdoedvaldomagalhaes.com.br\/index.php\/wp-json\/wp\/v2\/posts\/8072\/revisions\/13076"}],"wp:attachment":[{"href":"https:\/\/blogdoedvaldomagalhaes.com.br\/index.php\/wp-json\/wp\/v2\/media?parent=8072"}],"wp:term":[{"taxonomy":"category","embeddable":true,"href":"https:\/\/blogdoedvaldomagalhaes.com.br\/index.php\/wp-json\/wp\/v2\/categories?post=8072"},{"taxonomy":"post_tag","embeddable":true,"href":"https:\/\/blogdoedvaldomagalhaes.com.br\/index.php\/wp-json\/wp\/v2\/tags?post=8072"}],"curies":[{"name":"wp","href":"https:\/\/api.w.org\/{rel}","templated":true}]}}