{"id":8069,"date":"2016-10-07T02:15:00","date_gmt":"2016-10-07T05:15:00","guid":{"rendered":"http:\/\/blogdoedvaldomagalhaes.com.br\/index.php\/2016\/10\/07\/radio-liberdade-define-regras-de-debate\/"},"modified":"2019-02-09T01:01:55","modified_gmt":"2019-02-09T03:01:55","slug":"radio-liberdade-define-regras-de-debate","status":"publish","type":"post","link":"https:\/\/blogdoedvaldomagalhaes.com.br\/index.php\/2016\/10\/07\/radio-liberdade-define-regras-de-debate\/","title":{"rendered":"R\u00e1dio Liberdade define regras de debate e entrevistas com candidatos a prefeito de Caruaru"},"content":{"rendered":"<div class=\"separator\" style=\"clear: both; text-align: center;\">\n<a href=\"https:\/\/4.bp.blogspot.com\/-E_UrZ19O-xc\/V_cE2anUK1I\/AAAAAAAAHx0\/FyqXJhmyiqIyOZw7uivj35OhbOv2GSENACLcB\/s1600\/r%25C3%25A1dio.jpg\" imageanchor=\"1\" style=\"margin-left: 1em; margin-right: 1em;\"><img loading=\"lazy\" decoding=\"async\" border=\"0\" height=\"256\" src=\"http:\/\/blogdoedvaldomagalhaes.com.br\/wp-content\/uploads\/2016\/10\/rC3A1dio.jpg\" width=\"400\" \/><\/a><\/div>\n<p><\/p>\n<div style=\"text-align: justify;\">\nA R\u00e1dio Liberdade definiu nesta quinta-feira (06) as datas de entrevistas e debate com os candidatos Tony Gel (PMDB) e Raquel Lyra (PSDB), que disputam o 2\u00ba turno das elei\u00e7\u00f5es em Caruaru. Participaram da reuni\u00e3o os assessores de Raquel, Dimitre Bezerra, e de Tony, Ana Rebeca Passos, o gerente de programa\u00e7\u00e3o da emissora, S\u00f3crates da Silva, e a produtora Karlla Oliveira.<\/div>\n<div style=\"text-align: justify;\">\n<\/div>\n<div style=\"text-align: justify;\">\nAs entrevistas est\u00e3o marcadas para os dias 17 e 18, no programa Show da Cidade, das 7h10 \u00e0s 8h, com apresenta\u00e7\u00e3o de Elaine Dias e participa\u00e7\u00e3o do analista pol\u00edtico Marco Aur\u00e9lio. No dia 17 estar\u00e1 nos est\u00fadios da emissora Raquel Lyra e no dia 18, Tony Gel. Os ouvintes tamb\u00e9m participar\u00e3o atrav\u00e9s do WhatsApp.<\/div>\n<div style=\"text-align: justify;\">\n<\/div>\n<div style=\"text-align: justify;\">\nO debate ser\u00e1 realizado no dia 25, no Sest Senat, a partir das 9h, com media\u00e7\u00e3o de S\u00f3crates da Silva. De acordo com as regras definidas, ser\u00e3o quatro blocos. Participar\u00e3o os analistas e cientistas pol\u00edticos Marconi Aur\u00e9lio e Silva, Ana Maria de Barros, Arnaldo Dantas e Marco Aur\u00e9lio.<\/p>\n<p>O debate ter\u00e1 transmiss\u00e3o ao vivo do Blog do Edvaldo Magalh\u00e3es.<\/p><\/div>\n","protected":false},"excerpt":{"rendered":"<p>A R\u00e1dio Liberdade definiu nesta quinta-feira (06) as datas de entrevistas e debate com os candidatos Tony Gel (PMDB) e&hellip;<\/p>\n","protected":false},"author":1,"featured_media":0,"comment_status":"open","ping_status":"open","sticky":false,"template":"","format":"standard","meta":{"footnotes":""},"categories":[1],"tags":[2,11431,4966,1951,11887,1229,995],"class_list":["post-8069","post","type-post","status-publish","format-standard","hentry","category-sem-categoria","tag-blog-do-edvaldo-magalhaes","tag-eleicoes-2016","tag-pmdb","tag-psdb","tag-radio-liberdade-define-regras-de-debate-e-entrevistas-com-candidatos-a-prefeito-de-caruaru","tag-raquel-lyra","tag-tony-gel"],"_links":{"self":[{"href":"https:\/\/blogdoedvaldomagalhaes.com.br\/index.php\/wp-json\/wp\/v2\/posts\/8069","targetHints":{"allow":["GET"]}}],"collection":[{"href":"https:\/\/blogdoedvaldomagalhaes.com.br\/index.php\/wp-json\/wp\/v2\/posts"}],"about":[{"href":"https:\/\/blogdoedvaldomagalhaes.com.br\/index.php\/wp-json\/wp\/v2\/types\/post"}],"author":[{"embeddable":true,"href":"https:\/\/blogdoedvaldomagalhaes.com.br\/index.php\/wp-json\/wp\/v2\/users\/1"}],"replies":[{"embeddable":true,"href":"https:\/\/blogdoedvaldomagalhaes.com.br\/index.php\/wp-json\/wp\/v2\/comments?post=8069"}],"version-history":[{"count":1,"href":"https:\/\/blogdoedvaldomagalhaes.com.br\/index.php\/wp-json\/wp\/v2\/posts\/8069\/revisions"}],"predecessor-version":[{"id":13082,"href":"https:\/\/blogdoedvaldomagalhaes.com.br\/index.php\/wp-json\/wp\/v2\/posts\/8069\/revisions\/13082"}],"wp:attachment":[{"href":"https:\/\/blogdoedvaldomagalhaes.com.br\/index.php\/wp-json\/wp\/v2\/media?parent=8069"}],"wp:term":[{"taxonomy":"category","embeddable":true,"href":"https:\/\/blogdoedvaldomagalhaes.com.br\/index.php\/wp-json\/wp\/v2\/categories?post=8069"},{"taxonomy":"post_tag","embeddable":true,"href":"https:\/\/blogdoedvaldomagalhaes.com.br\/index.php\/wp-json\/wp\/v2\/tags?post=8069"}],"curies":[{"name":"wp","href":"https:\/\/api.w.org\/{rel}","templated":true}]}}