{"id":8068,"date":"2016-10-07T02:28:00","date_gmt":"2016-10-07T05:28:00","guid":{"rendered":"http:\/\/blogdoedvaldomagalhaes.com.br\/index.php\/2016\/10\/07\/agenda-dos-candidatos-tony-gel-e-raque\/"},"modified":"2019-02-09T01:01:55","modified_gmt":"2019-02-09T03:01:55","slug":"agenda-dos-candidatos-tony-gel-e-raque","status":"publish","type":"post","link":"https:\/\/blogdoedvaldomagalhaes.com.br\/index.php\/2016\/10\/07\/agenda-dos-candidatos-tony-gel-e-raque\/","title":{"rendered":"Agenda dos candidatos Tony Gel e Raquel Lyra nesta sexta (07)"},"content":{"rendered":"<div class=\"separator\" style=\"clear: both; text-align: center;\">\n<a href=\"https:\/\/1.bp.blogspot.com\/-dm6Z2oaimJk\/V_cHs_-yqrI\/AAAAAAAAHyA\/pHiRTh622ewyQ_0DNFq-ynDfpHTQQkEJACLcB\/s1600\/Agenda%2Bdos%2BCandidatos.jpg\" imageanchor=\"1\" style=\"margin-left: 1em; margin-right: 1em;\"><img loading=\"lazy\" decoding=\"async\" border=\"0\" height=\"207\" src=\"http:\/\/blogdoedvaldomagalhaes.com.br\/wp-content\/uploads\/2016\/10\/AgendadosCandidatos-1.jpg\" width=\"400\" \/><\/a><\/div>\n<p><strong style=\"background-color: white; border: 0px; color: #4b4b4b; font-family: &quot;Open Sans&quot;, sans-serif; font-size: 16px; margin: 0px; outline: 0px; padding: 0px; vertical-align: baseline;\"><br \/><\/strong><br \/>\n<b>Tony Gel (PMDB)<\/b><br \/>\n8h &nbsp; \u2013 Visita a centros comerciais<br \/>\n15h \u2013 Reuni\u00e3o com a coordena\u00e7\u00e3o de campanha<br \/>\n19h \u2013 Porta a porta em bairro da cidade<\/p>\n<p><strong style=\"background-color: white; border: 0px; font-family: &quot;Open Sans&quot;, sans-serif; font-size: 16px; margin: 0px; outline: 0px; padding: 0px; vertical-align: baseline;\">Raquel Lyra (PSDB)<\/strong><br \/>\n07h \u2013 Grava\u00e7\u00e3o do Guia no Marco Zero<br \/>\n10h \u2013 Contato com Lideran\u00e7as<br \/>\n14h &nbsp;&#8211; Grava\u00e7\u00e3o do Guia de R\u00e1dio<br \/>\n16h &nbsp;&#8211; Reuni\u00e3o com a coordena\u00e7\u00e3o da Campanha<\/p>\n","protected":false},"excerpt":{"rendered":"<p>Tony Gel (PMDB) 8h &nbsp; \u2013 Visita a centros comerciais 15h \u2013 Reuni\u00e3o com a coordena\u00e7\u00e3o de campanha 19h \u2013&hellip;<\/p>\n","protected":false},"author":1,"featured_media":0,"comment_status":"open","ping_status":"open","sticky":false,"template":"","format":"standard","meta":{"footnotes":""},"categories":[1],"tags":[11886,2,11431,3539],"class_list":["post-8068","post","type-post","status-publish","format-standard","hentry","category-sem-categoria","tag-agenda-dos-candidatos-tony-gel-e-raquel-lyra-nesta-sexta-07","tag-blog-do-edvaldo-magalhaes","tag-eleicoes-2016","tag-marco-zero"],"_links":{"self":[{"href":"https:\/\/blogdoedvaldomagalhaes.com.br\/index.php\/wp-json\/wp\/v2\/posts\/8068","targetHints":{"allow":["GET"]}}],"collection":[{"href":"https:\/\/blogdoedvaldomagalhaes.com.br\/index.php\/wp-json\/wp\/v2\/posts"}],"about":[{"href":"https:\/\/blogdoedvaldomagalhaes.com.br\/index.php\/wp-json\/wp\/v2\/types\/post"}],"author":[{"embeddable":true,"href":"https:\/\/blogdoedvaldomagalhaes.com.br\/index.php\/wp-json\/wp\/v2\/users\/1"}],"replies":[{"embeddable":true,"href":"https:\/\/blogdoedvaldomagalhaes.com.br\/index.php\/wp-json\/wp\/v2\/comments?post=8068"}],"version-history":[{"count":1,"href":"https:\/\/blogdoedvaldomagalhaes.com.br\/index.php\/wp-json\/wp\/v2\/posts\/8068\/revisions"}],"predecessor-version":[{"id":13084,"href":"https:\/\/blogdoedvaldomagalhaes.com.br\/index.php\/wp-json\/wp\/v2\/posts\/8068\/revisions\/13084"}],"wp:attachment":[{"href":"https:\/\/blogdoedvaldomagalhaes.com.br\/index.php\/wp-json\/wp\/v2\/media?parent=8068"}],"wp:term":[{"taxonomy":"category","embeddable":true,"href":"https:\/\/blogdoedvaldomagalhaes.com.br\/index.php\/wp-json\/wp\/v2\/categories?post=8068"},{"taxonomy":"post_tag","embeddable":true,"href":"https:\/\/blogdoedvaldomagalhaes.com.br\/index.php\/wp-json\/wp\/v2\/tags?post=8068"}],"curies":[{"name":"wp","href":"https:\/\/api.w.org\/{rel}","templated":true}]}}