{"id":80636,"date":"2022-02-27T21:01:24","date_gmt":"2022-02-28T00:01:24","guid":{"rendered":"https:\/\/blogdoedvaldomagalhaes.com.br\/?p=80636"},"modified":"2022-02-27T21:01:25","modified_gmt":"2022-02-28T00:01:25","slug":"interditada-br-104-em-caruaru","status":"publish","type":"post","link":"https:\/\/blogdoedvaldomagalhaes.com.br\/index.php\/2022\/02\/27\/interditada-br-104-em-caruaru\/","title":{"rendered":"Interditada BR 104 em Caruaru"},"content":{"rendered":"<p style=\"text-align: justify;\">A Pol\u00edcia Rodovi\u00e1ria Federal ( PRF) informa que neste domingo (27), a BR 104, no km 67, est\u00e1 totalmente interditada no sentido Para\u00edba, em virtude de obras da concession\u00e1ria de fornecimento de \u00e1gua.<\/p>\n<p style=\"text-align: justify;\">Foi realizado o desvio do fluxo para a via local da BR 232, retornando no viaduto da Fafica, antes do viaduto do Regional.<\/p>\n<p style=\"text-align: justify;\">A al\u00e7a de acesso \u00e0 BR 104 norte est\u00e1 fechada para quem vem do interior. Sendo assim, \u00e9 preciso pegar a via local mais \u00e0 frente, realizar o retorno embaixo do viaduto seguinte e usar a al\u00e7a do sentido capital-interior, para seguir sentido Para\u00edba.<\/p>\n<p style=\"text-align: justify;\">Em caso de d\u00favidas, s\u00f3 ligar para nossa central de emerg\u00eancia \u260e\ufe0f\ud83d\udea8 191<\/p>\n","protected":false},"excerpt":{"rendered":"<p>A Pol\u00edcia Rodovi\u00e1ria Federal ( PRF) informa que neste domingo (27), a BR 104, no km 67, est\u00e1 totalmente interditada&hellip;<\/p>\n","protected":false},"author":1,"featured_media":80637,"comment_status":"open","ping_status":"open","sticky":false,"template":"","format":"standard","meta":{"footnotes":""},"categories":[14120],"tags":[2,19532,3406,24088],"class_list":["post-80636","post","type-post","status-publish","format-standard","has-post-thumbnail","hentry","category-noticias","tag-blog-do-edvaldo-magalhaes","tag-blog-mais-acessado-e-visualizado-de-caruaru-e-regiao","tag-caruaru","tag-interditada-br-104-em-caruaru"],"_links":{"self":[{"href":"https:\/\/blogdoedvaldomagalhaes.com.br\/index.php\/wp-json\/wp\/v2\/posts\/80636","targetHints":{"allow":["GET"]}}],"collection":[{"href":"https:\/\/blogdoedvaldomagalhaes.com.br\/index.php\/wp-json\/wp\/v2\/posts"}],"about":[{"href":"https:\/\/blogdoedvaldomagalhaes.com.br\/index.php\/wp-json\/wp\/v2\/types\/post"}],"author":[{"embeddable":true,"href":"https:\/\/blogdoedvaldomagalhaes.com.br\/index.php\/wp-json\/wp\/v2\/users\/1"}],"replies":[{"embeddable":true,"href":"https:\/\/blogdoedvaldomagalhaes.com.br\/index.php\/wp-json\/wp\/v2\/comments?post=80636"}],"version-history":[{"count":2,"href":"https:\/\/blogdoedvaldomagalhaes.com.br\/index.php\/wp-json\/wp\/v2\/posts\/80636\/revisions"}],"predecessor-version":[{"id":80643,"href":"https:\/\/blogdoedvaldomagalhaes.com.br\/index.php\/wp-json\/wp\/v2\/posts\/80636\/revisions\/80643"}],"wp:featuredmedia":[{"embeddable":true,"href":"https:\/\/blogdoedvaldomagalhaes.com.br\/index.php\/wp-json\/wp\/v2\/media\/80637"}],"wp:attachment":[{"href":"https:\/\/blogdoedvaldomagalhaes.com.br\/index.php\/wp-json\/wp\/v2\/media?parent=80636"}],"wp:term":[{"taxonomy":"category","embeddable":true,"href":"https:\/\/blogdoedvaldomagalhaes.com.br\/index.php\/wp-json\/wp\/v2\/categories?post=80636"},{"taxonomy":"post_tag","embeddable":true,"href":"https:\/\/blogdoedvaldomagalhaes.com.br\/index.php\/wp-json\/wp\/v2\/tags?post=80636"}],"curies":[{"name":"wp","href":"https:\/\/api.w.org\/{rel}","templated":true}]}}