{"id":80633,"date":"2022-02-27T20:37:21","date_gmt":"2022-02-27T23:37:21","guid":{"rendered":"https:\/\/blogdoedvaldomagalhaes.com.br\/?p=80633"},"modified":"2022-02-27T20:37:23","modified_gmt":"2022-02-27T23:37:23","slug":"policia-militar-apreende-grande-quantidade-de-drogas","status":"publish","type":"post","link":"https:\/\/blogdoedvaldomagalhaes.com.br\/index.php\/2022\/02\/27\/policia-militar-apreende-grande-quantidade-de-drogas\/","title":{"rendered":"Pol\u00edcia Militar apreende grande quantidade de drogas"},"content":{"rendered":"<p style=\"text-align: justify;\">Nesse s\u00e1bado (26\/02), o efetivo da 6\u00b0 CIPM recebeu den\u00fancias de que na subida de Marta, em Limoeiro, haveria uma resid\u00eancia que seria respons\u00e1vel pelo abastecimento de drogas il\u00edcitas no munic\u00edpio. A den\u00fancia relatava que teria acabado de chegar uma grande quantidade de entorpecentes, a qual estaria dentro do cercado de propriedade de um homem. O policiamento montou uma opera\u00e7\u00e3o, juntamente com informa\u00e7\u00f5es do servi\u00e7o reservado, e seguiu ao local. Por apresentar uma vegeta\u00e7\u00e3o alta, a \u00e1rea contribuiu para que o suspeito fugisse quando houve a aproxima\u00e7\u00e3o do policiamento.<\/p>\n<p style=\"text-align: justify;\">Na ocasi\u00e3o, o efetivo chegou a abordar uma senhora, de 58 anos, que segundo a den\u00fancia seria moradora de uma das casas do cercado. Com a permiss\u00e3o desta, foi encontrado na \u00e1rea comum das resid\u00eancias, dentro de um tonel, envelopados com pl\u00e1stico, 12 tabletes de maconha pesando aproximadamente 8,814kg, al\u00e9m de um balan\u00e7a grande, de capacidade at\u00e9 40kg. Pr\u00f3ximo \u00e0s drogas, foram encontrados v\u00e1rios sacos pl\u00e1sticos para acondicionamento da droga, al\u00e9m de uma carteira com a identifica\u00e7\u00e3o do indiv\u00edduo procurado e com uma quantia em esp\u00e9cie de R$1.628,00. Incurs\u00f5es foram feitas, mas o homem n\u00e3o foi encontrado. Ningu\u00e9m foi detido. O material foi encaminhado para Delegacia de Pol\u00edcia Civil em Limoeiro, para que as provid\u00eancias legais cab\u00edveis fossem tomadas.<\/p>\n","protected":false},"excerpt":{"rendered":"<p>Nesse s\u00e1bado (26\/02), o efetivo da 6\u00b0 CIPM recebeu den\u00fancias de que na subida de Marta, em Limoeiro, haveria uma&hellip;<\/p>\n","protected":false},"author":1,"featured_media":80634,"comment_status":"open","ping_status":"open","sticky":false,"template":"","format":"standard","meta":{"footnotes":""},"categories":[14121],"tags":[2,19532,3406,24087],"class_list":["post-80633","post","type-post","status-publish","format-standard","has-post-thumbnail","hentry","category-policial","tag-blog-do-edvaldo-magalhaes","tag-blog-mais-acessado-e-visualizado-de-caruaru-e-regiao","tag-caruaru","tag-policia-militar-apreende-grande-quantidade-de-drogas"],"_links":{"self":[{"href":"https:\/\/blogdoedvaldomagalhaes.com.br\/index.php\/wp-json\/wp\/v2\/posts\/80633","targetHints":{"allow":["GET"]}}],"collection":[{"href":"https:\/\/blogdoedvaldomagalhaes.com.br\/index.php\/wp-json\/wp\/v2\/posts"}],"about":[{"href":"https:\/\/blogdoedvaldomagalhaes.com.br\/index.php\/wp-json\/wp\/v2\/types\/post"}],"author":[{"embeddable":true,"href":"https:\/\/blogdoedvaldomagalhaes.com.br\/index.php\/wp-json\/wp\/v2\/users\/1"}],"replies":[{"embeddable":true,"href":"https:\/\/blogdoedvaldomagalhaes.com.br\/index.php\/wp-json\/wp\/v2\/comments?post=80633"}],"version-history":[{"count":1,"href":"https:\/\/blogdoedvaldomagalhaes.com.br\/index.php\/wp-json\/wp\/v2\/posts\/80633\/revisions"}],"predecessor-version":[{"id":80635,"href":"https:\/\/blogdoedvaldomagalhaes.com.br\/index.php\/wp-json\/wp\/v2\/posts\/80633\/revisions\/80635"}],"wp:featuredmedia":[{"embeddable":true,"href":"https:\/\/blogdoedvaldomagalhaes.com.br\/index.php\/wp-json\/wp\/v2\/media\/80634"}],"wp:attachment":[{"href":"https:\/\/blogdoedvaldomagalhaes.com.br\/index.php\/wp-json\/wp\/v2\/media?parent=80633"}],"wp:term":[{"taxonomy":"category","embeddable":true,"href":"https:\/\/blogdoedvaldomagalhaes.com.br\/index.php\/wp-json\/wp\/v2\/categories?post=80633"},{"taxonomy":"post_tag","embeddable":true,"href":"https:\/\/blogdoedvaldomagalhaes.com.br\/index.php\/wp-json\/wp\/v2\/tags?post=80633"}],"curies":[{"name":"wp","href":"https:\/\/api.w.org\/{rel}","templated":true}]}}