{"id":80630,"date":"2022-02-27T20:25:41","date_gmt":"2022-02-27T23:25:41","guid":{"rendered":"https:\/\/blogdoedvaldomagalhaes.com.br\/?p=80630"},"modified":"2022-02-27T20:25:43","modified_gmt":"2022-02-27T23:25:43","slug":"homem-e-detido-com-droga-em-carro-com-varios-compartimentos-suspeitos","status":"publish","type":"post","link":"https:\/\/blogdoedvaldomagalhaes.com.br\/index.php\/2022\/02\/27\/homem-e-detido-com-droga-em-carro-com-varios-compartimentos-suspeitos\/","title":{"rendered":"Homem \u00e9 detido com droga em carro com v\u00e1rios compartimentos suspeitos"},"content":{"rendered":"<p style=\"text-align: justify;\"><span style=\"font-size: inherit;\">Motorista foi abordado pela Pol\u00edcia Rodovi\u00e1ria Federal (PRF) neste domingo (27), na BR 101, km 87, em Jaboat\u00e3o dos Guararapes. Chamou a aten\u00e7\u00e3o dos policiais o fato de o autom\u00f3vel estar com v\u00e1rias pe\u00e7as mexidas.<\/span><\/p>\n<p style=\"text-align: justify;\">Durante uma abordagem, ap\u00f3s realizar identifica\u00e7\u00e3o veicular, foi observado que o carro possu\u00eda diversos compartimentos encobertos, popularmente chamados de &#8220;moc\u00f3s\u201d, geralmente utilizados para transporte de il\u00edcitos. Dentro do acendedor de cigarros foi encontrada uma por\u00e7\u00e3o de droga.<\/p>\n<p style=\"text-align: justify;\">Foi realizado o narcoteste, com resultado positivo. O motorista foi preso em flagrante e ser\u00e1 encaminhado junto com o ve\u00edculo para a Delegacia da Pol\u00edcia Civil de Jaboat\u00e3o dos Guararapes. O carro passar\u00e1 por per\u00edcia.<\/p>\n","protected":false},"excerpt":{"rendered":"<p>Motorista foi abordado pela Pol\u00edcia Rodovi\u00e1ria Federal (PRF) neste domingo (27), na BR 101, km 87, em Jaboat\u00e3o dos Guararapes.&hellip;<\/p>\n","protected":false},"author":1,"featured_media":80631,"comment_status":"open","ping_status":"open","sticky":false,"template":"","format":"standard","meta":{"footnotes":""},"categories":[14121],"tags":[2,19532,3406,24086],"class_list":["post-80630","post","type-post","status-publish","format-standard","has-post-thumbnail","hentry","category-policial","tag-blog-do-edvaldo-magalhaes","tag-blog-mais-acessado-e-visualizado-de-caruaru-e-regiao","tag-caruaru","tag-homem-e-detido-com-droga-em-carro-com-varios-compartimentos-suspeitos"],"_links":{"self":[{"href":"https:\/\/blogdoedvaldomagalhaes.com.br\/index.php\/wp-json\/wp\/v2\/posts\/80630","targetHints":{"allow":["GET"]}}],"collection":[{"href":"https:\/\/blogdoedvaldomagalhaes.com.br\/index.php\/wp-json\/wp\/v2\/posts"}],"about":[{"href":"https:\/\/blogdoedvaldomagalhaes.com.br\/index.php\/wp-json\/wp\/v2\/types\/post"}],"author":[{"embeddable":true,"href":"https:\/\/blogdoedvaldomagalhaes.com.br\/index.php\/wp-json\/wp\/v2\/users\/1"}],"replies":[{"embeddable":true,"href":"https:\/\/blogdoedvaldomagalhaes.com.br\/index.php\/wp-json\/wp\/v2\/comments?post=80630"}],"version-history":[{"count":1,"href":"https:\/\/blogdoedvaldomagalhaes.com.br\/index.php\/wp-json\/wp\/v2\/posts\/80630\/revisions"}],"predecessor-version":[{"id":80632,"href":"https:\/\/blogdoedvaldomagalhaes.com.br\/index.php\/wp-json\/wp\/v2\/posts\/80630\/revisions\/80632"}],"wp:featuredmedia":[{"embeddable":true,"href":"https:\/\/blogdoedvaldomagalhaes.com.br\/index.php\/wp-json\/wp\/v2\/media\/80631"}],"wp:attachment":[{"href":"https:\/\/blogdoedvaldomagalhaes.com.br\/index.php\/wp-json\/wp\/v2\/media?parent=80630"}],"wp:term":[{"taxonomy":"category","embeddable":true,"href":"https:\/\/blogdoedvaldomagalhaes.com.br\/index.php\/wp-json\/wp\/v2\/categories?post=80630"},{"taxonomy":"post_tag","embeddable":true,"href":"https:\/\/blogdoedvaldomagalhaes.com.br\/index.php\/wp-json\/wp\/v2\/tags?post=80630"}],"curies":[{"name":"wp","href":"https:\/\/api.w.org\/{rel}","templated":true}]}}