{"id":8063,"date":"2016-10-07T16:59:00","date_gmt":"2016-10-07T19:59:00","guid":{"rendered":"http:\/\/blogdoedvaldomagalhaes.com.br\/index.php\/2016\/10\/07\/1-motofest-distribui-mais-de-duas\/"},"modified":"2019-02-09T01:02:00","modified_gmt":"2019-02-09T03:02:00","slug":"1-motofest-distribui-mais-de-duas","status":"publish","type":"post","link":"https:\/\/blogdoedvaldomagalhaes.com.br\/index.php\/2016\/10\/07\/1-motofest-distribui-mais-de-duas\/","title":{"rendered":"1\u00ba  Caruaru Moto Fest distribui mais de duas toneladas de alimentos em institui\u00e7\u00e3o de caridade"},"content":{"rendered":"<div class=\"separator\" style=\"clear: both; text-align: center;\">\n<a href=\"https:\/\/3.bp.blogspot.com\/-aU2opJjtK0M\/V_fR-JCmIiI\/AAAAAAAAHzc\/EVhYznGywc4PDGcKZ8ry13FxSuLcQA-wQCLcB\/s1600\/03.jpg\" imageanchor=\"1\" style=\"margin-left: 1em; margin-right: 1em;\"><img loading=\"lazy\" decoding=\"async\" border=\"0\" height=\"400\" src=\"http:\/\/blogdoedvaldomagalhaes.com.br\/wp-content\/uploads\/2016\/10\/03-3.jpg\" width=\"223\" \/><\/a><\/div>\n<div class=\"separator\" style=\"clear: both; text-align: center;\">\n<\/div>\n<div class=\"separator\" style=\"clear: both; text-align: center;\">\n<a href=\"https:\/\/4.bp.blogspot.com\/-3s4U7OURPg4\/V_fSBv2CiOI\/AAAAAAAAHzk\/ND_iEgSlLG8NgodlKkxhJe2HtoLu9q0-gCLcB\/s1600\/02.jpg\" imageanchor=\"1\" style=\"margin-left: 1em; margin-right: 1em;\"><img loading=\"lazy\" decoding=\"async\" border=\"0\" height=\"265\" src=\"http:\/\/blogdoedvaldomagalhaes.com.br\/wp-content\/uploads\/2016\/10\/02-3.jpg\" width=\"400\" \/><\/a><\/div>\n<div class=\"separator\" style=\"clear: both; text-align: center;\">\n<\/div>\n<div class=\"separator\" style=\"clear: both; text-align: center;\">\n<a href=\"https:\/\/2.bp.blogspot.com\/-3__cb8Ei948\/V_fSDOFPQWI\/AAAAAAAAHzo\/EtHLpCl8oOk6WLCNM6_n-NrBPHtSlGWcACLcB\/s1600\/04.jpg\" imageanchor=\"1\" style=\"margin-left: 1em; margin-right: 1em;\"><img loading=\"lazy\" decoding=\"async\" border=\"0\" height=\"265\" src=\"http:\/\/blogdoedvaldomagalhaes.com.br\/wp-content\/uploads\/2016\/10\/04-3.jpg\" width=\"400\" \/><\/a><\/div>\n<div class=\"separator\" style=\"clear: both; text-align: center;\">\n<\/div>\n<div class=\"separator\" style=\"clear: both; text-align: center;\">\n<a href=\"https:\/\/3.bp.blogspot.com\/-NzVINxk4sLk\/V_fSjA5gwFI\/AAAAAAAAHz4\/hHExfV8Wkj4hJOhWaBMbI2jcIIZkOtLfACLcB\/s1600\/05.jpg\" imageanchor=\"1\" style=\"margin-left: 1em; margin-right: 1em;\"><img loading=\"lazy\" decoding=\"async\" border=\"0\" height=\"223\" src=\"http:\/\/blogdoedvaldomagalhaes.com.br\/wp-content\/uploads\/2016\/10\/05-1.jpg\" width=\"400\" \/><\/a><\/div>\n<div class=\"separator\" style=\"clear: both; text-align: center;\">\n<\/div>\n<div class=\"separator\" style=\"clear: both; text-align: justify;\">\n1\u00ba Caruaru Moto Fest, festa essa beneficente, com o intuito de arrecadar donativos, para ajudar nas comunidades carentes da cidade, foi&nbsp;realizado neste m\u00eas &nbsp;logrou \u00eaxito, e conseguiu arrecadar mais de duas toneladas de alimentos n\u00e3o perec\u00edveis. A distribui\u00e7\u00e3o acontece \u00e0s 15h deste s\u00e1bado (08), em cestas b\u00e1sicas, na Sociedade de Estudos Esp\u00edritas de Caruaru, que \u00e9 localizada na rua Gon\u00e7alo Nunes n\u00ba 440, na Cidade Jardim, e a Comunidade Rosa de Sarom tamb\u00e9m foi beneficiada, em Caruaru. Dodge Vieira da Promo Eventos e outros organizadores estar\u00e3o presentes na entrega.<\/div>\n<div style=\"background-color: white; text-align: justify;\">\n<\/div>\n<div style=\"background-color: white; text-align: justify;\">\nO !\u00ba Caruaru Moto Fest, foi realizado nos dias 24 e 25 de Setembro, no&nbsp;Espa\u00e7o cultural Tancredo Neves, a organiza\u00e7\u00e3o foi da&nbsp;U.M.C Uni\u00e3o dos Motociclistas de Caruaru.&nbsp;A partir deste ano, Caruaru vai ter uma festa direcionada aos motociclistas no calend\u00e1rio festivo da cidade. O 1\u00ba Caruaru Moto Fest Lei Municipal, onde a prefeitura de Caruaru e a C\u00e2mara dos Vereadores definiram uma data \u00fanica para o evento, que \u00e9 \u00faltimo final de semana do m\u00eas de setembro. Na U. M. C Uni\u00e3o dos Motociclistas de Caruaru, fazem parte 22 moto clubes, que s\u00e3o:<\/div>\n<div style=\"background-color: white; text-align: justify;\">\n<\/div>\n<div style=\"background-color: white;\">\n<\/div>\n<div style=\"text-align: justify;\">\nLobos do Agreste,<\/div>\n<p><\/p>\n<div style=\"text-align: justify;\">\nBodes do Asfalto,<\/div>\n<div style=\"text-align: justify;\">\nCaveirao,<\/div>\n<div style=\"text-align: justify;\">\nBrutos do Asfalto,<\/div>\n<div style=\"text-align: justify;\">\nCorrosivos,<\/div>\n<div style=\"text-align: justify;\">\nSuicidas,<\/div>\n<div style=\"text-align: justify;\">\nRevoltados,<\/div>\n<div style=\"text-align: justify;\">\nGuerreiros,<\/div>\n<div style=\"text-align: justify;\">\nMangangas,<\/div>\n<div style=\"text-align: justify;\">\nLobos do Asfalto,<\/div>\n<div style=\"text-align: justify;\">\nAmigos do Asfalto.<\/div>\n<div style=\"text-align: justify;\">\nAnjos Sem Destino,<\/div>\n<div style=\"text-align: justify;\">\nRota Federal,<\/div>\n<div style=\"text-align: justify;\">\nGuerreiros,<\/div>\n<div style=\"text-align: justify;\">\nirmandades,<\/div>\n<div style=\"text-align: justify;\">\nPesadelo,<\/div>\n<div style=\"text-align: justify;\">\nDrag\u00f5es de Prata,<\/div>\n<div style=\"text-align: justify;\">\nCoyotes do Sert\u00e3o,<\/div>\n<div style=\"text-align: justify;\">\nPhoenix e<\/div>\n<div style=\"text-align: justify;\">\nVi\u00fava Negra<\/div>\n<div style=\"text-align: justify;\">\nEscada<\/div>\n<div style=\"text-align: justify;\">\nCotiguaras<\/div>\n<div style=\"text-align: justify;\">\nDevoradores do Asfalto<\/div>\n","protected":false},"excerpt":{"rendered":"<p>1\u00ba Caruaru Moto Fest, festa essa beneficente, com o intuito de arrecadar donativos, para ajudar nas comunidades carentes da cidade,&hellip;<\/p>\n","protected":false},"author":1,"featured_media":0,"comment_status":"open","ping_status":"open","sticky":false,"template":"","format":"standard","meta":{"footnotes":""},"categories":[1],"tags":[11874,2,8093,11875,6,11876],"class_list":["post-8063","post","type-post","status-publish","format-standard","hentry","category-sem-categoria","tag-1o-motofest-distribui-mais-de-duas-toneladas-de-alimentos-em-instituicao-de-caridade","tag-blog-do-edvaldo-magalhaes","tag-cidade-jardim","tag-doggy-vieira","tag-noticias","tag-sociedade-de-estudos-espiritas-de-caruaru"],"_links":{"self":[{"href":"https:\/\/blogdoedvaldomagalhaes.com.br\/index.php\/wp-json\/wp\/v2\/posts\/8063","targetHints":{"allow":["GET"]}}],"collection":[{"href":"https:\/\/blogdoedvaldomagalhaes.com.br\/index.php\/wp-json\/wp\/v2\/posts"}],"about":[{"href":"https:\/\/blogdoedvaldomagalhaes.com.br\/index.php\/wp-json\/wp\/v2\/types\/post"}],"author":[{"embeddable":true,"href":"https:\/\/blogdoedvaldomagalhaes.com.br\/index.php\/wp-json\/wp\/v2\/users\/1"}],"replies":[{"embeddable":true,"href":"https:\/\/blogdoedvaldomagalhaes.com.br\/index.php\/wp-json\/wp\/v2\/comments?post=8063"}],"version-history":[{"count":1,"href":"https:\/\/blogdoedvaldomagalhaes.com.br\/index.php\/wp-json\/wp\/v2\/posts\/8063\/revisions"}],"predecessor-version":[{"id":13099,"href":"https:\/\/blogdoedvaldomagalhaes.com.br\/index.php\/wp-json\/wp\/v2\/posts\/8063\/revisions\/13099"}],"wp:attachment":[{"href":"https:\/\/blogdoedvaldomagalhaes.com.br\/index.php\/wp-json\/wp\/v2\/media?parent=8063"}],"wp:term":[{"taxonomy":"category","embeddable":true,"href":"https:\/\/blogdoedvaldomagalhaes.com.br\/index.php\/wp-json\/wp\/v2\/categories?post=8063"},{"taxonomy":"post_tag","embeddable":true,"href":"https:\/\/blogdoedvaldomagalhaes.com.br\/index.php\/wp-json\/wp\/v2\/tags?post=8063"}],"curies":[{"name":"wp","href":"https:\/\/api.w.org\/{rel}","templated":true}]}}