{"id":80624,"date":"2022-02-27T11:20:15","date_gmt":"2022-02-27T14:20:15","guid":{"rendered":"https:\/\/blogdoedvaldomagalhaes.com.br\/?p=80624"},"modified":"2022-02-27T11:20:17","modified_gmt":"2022-02-27T14:20:17","slug":"dois-mortos-apos-colisao-entre-carro-e-moto-na-br-104","status":"publish","type":"post","link":"https:\/\/blogdoedvaldomagalhaes.com.br\/index.php\/2022\/02\/27\/dois-mortos-apos-colisao-entre-carro-e-moto-na-br-104\/","title":{"rendered":"Dois mortos ap\u00f3s colis\u00e3o entre carro e moto na BR 104"},"content":{"rendered":"<p style=\"text-align: justify;\">O sinistro ocorreu por volta de meia-noite e meia de domingo, no km 17,5 da BR 104, em Taquaritinga do Norte.<\/p>\n<p style=\"text-align: justify;\">Um carro colidiu na traseira de uma motocicleta e os dois ocupantes da moto faleceram no local.<\/p>\n<p style=\"text-align: justify;\">N\u00e3o foi encontrado o capacete pr\u00f3ximo das v\u00edtimas.<\/p>\n<p style=\"text-align: justify;\">O motorista do carro n\u00e3o foi encontrado no local do acidente.<\/p>\n<p style=\"text-align: justify;\">Al\u00e9m da PRF, o IC e Pol\u00edcia Civil estiveram no local. A Pol\u00edcia Civil vai investigar o caso.<\/p>\n","protected":false},"excerpt":{"rendered":"<p>O sinistro ocorreu por volta de meia-noite e meia de domingo, no km 17,5 da BR 104, em Taquaritinga do&hellip;<\/p>\n","protected":false},"author":1,"featured_media":80625,"comment_status":"open","ping_status":"open","sticky":false,"template":"","format":"standard","meta":{"footnotes":""},"categories":[14120],"tags":[2,19532,3406,24084],"class_list":["post-80624","post","type-post","status-publish","format-standard","has-post-thumbnail","hentry","category-noticias","tag-blog-do-edvaldo-magalhaes","tag-blog-mais-acessado-e-visualizado-de-caruaru-e-regiao","tag-caruaru","tag-dois-mortos-apos-colisao-entre-carro-e-moto-na-br-104"],"_links":{"self":[{"href":"https:\/\/blogdoedvaldomagalhaes.com.br\/index.php\/wp-json\/wp\/v2\/posts\/80624","targetHints":{"allow":["GET"]}}],"collection":[{"href":"https:\/\/blogdoedvaldomagalhaes.com.br\/index.php\/wp-json\/wp\/v2\/posts"}],"about":[{"href":"https:\/\/blogdoedvaldomagalhaes.com.br\/index.php\/wp-json\/wp\/v2\/types\/post"}],"author":[{"embeddable":true,"href":"https:\/\/blogdoedvaldomagalhaes.com.br\/index.php\/wp-json\/wp\/v2\/users\/1"}],"replies":[{"embeddable":true,"href":"https:\/\/blogdoedvaldomagalhaes.com.br\/index.php\/wp-json\/wp\/v2\/comments?post=80624"}],"version-history":[{"count":1,"href":"https:\/\/blogdoedvaldomagalhaes.com.br\/index.php\/wp-json\/wp\/v2\/posts\/80624\/revisions"}],"predecessor-version":[{"id":80626,"href":"https:\/\/blogdoedvaldomagalhaes.com.br\/index.php\/wp-json\/wp\/v2\/posts\/80624\/revisions\/80626"}],"wp:featuredmedia":[{"embeddable":true,"href":"https:\/\/blogdoedvaldomagalhaes.com.br\/index.php\/wp-json\/wp\/v2\/media\/80625"}],"wp:attachment":[{"href":"https:\/\/blogdoedvaldomagalhaes.com.br\/index.php\/wp-json\/wp\/v2\/media?parent=80624"}],"wp:term":[{"taxonomy":"category","embeddable":true,"href":"https:\/\/blogdoedvaldomagalhaes.com.br\/index.php\/wp-json\/wp\/v2\/categories?post=80624"},{"taxonomy":"post_tag","embeddable":true,"href":"https:\/\/blogdoedvaldomagalhaes.com.br\/index.php\/wp-json\/wp\/v2\/tags?post=80624"}],"curies":[{"name":"wp","href":"https:\/\/api.w.org\/{rel}","templated":true}]}}