{"id":8062,"date":"2016-10-07T20:53:00","date_gmt":"2016-10-07T23:53:00","guid":{"rendered":"http:\/\/blogdoedvaldomagalhaes.com.br\/index.php\/2016\/10\/07\/pcdob-se-reune-para-definir-posicao-no\/"},"modified":"2019-02-09T01:02:00","modified_gmt":"2019-02-09T03:02:00","slug":"pcdob-se-reune-para-definir-posicao-no","status":"publish","type":"post","link":"https:\/\/blogdoedvaldomagalhaes.com.br\/index.php\/2016\/10\/07\/pcdob-se-reune-para-definir-posicao-no\/","title":{"rendered":"PCdoB se re\u00fane para definir posi\u00e7\u00e3o no 2\u00ba turno em Caruaru"},"content":{"rendered":"<div class=\"separator\" style=\"clear: both; text-align: center;\">\n<a href=\"https:\/\/1.bp.blogspot.com\/-EsepM_05mMs\/V_gKXoeP24I\/AAAAAAAAH0g\/e-ZNbLIHRh4H5YrDhH9vKzPZbKn57gINACLcB\/s1600\/pcdob%255B.jpg\" imageanchor=\"1\" style=\"margin-left: 1em; margin-right: 1em;\"><img loading=\"lazy\" decoding=\"async\" border=\"0\" height=\"196\" src=\"http:\/\/blogdoedvaldomagalhaes.com.br\/wp-content\/uploads\/2016\/10\/pcdob5B.jpg\" width=\"400\" \/><\/a><\/div>\n<p><\/p>\n<div style=\"text-align: justify;\">\nA dire\u00e7\u00e3o Municipal do Partido Comunista do Brasil (PCdoB), se re\u00fane \u00e0s 15h, deste s\u00e1bado (07), para debater e tomar uma decis\u00e3o em rela\u00e7\u00e3o ao segundo turno em Caruaru.&nbsp;A plen\u00e1ria acontece na sede da Academia Caruaruense de Literatura de Cordel.<\/div>\n<div style=\"text-align: justify;\">\n<\/div>\n<div style=\"text-align: justify;\">\nA reuni\u00e3o contar\u00e1 com a presen\u00e7a dos membros diretorianos e dos que disputaram vaga para o legislativo. O partido apoiou Jorge Gomes (PSB), no primeiro turno e saiu das urnas com expressiva vota\u00e7\u00e3o para seus candidatos na proporcional, somando mais de seis mil votos, na frente de outras legendas.<\/div>\n","protected":false},"excerpt":{"rendered":"<p>A dire\u00e7\u00e3o Municipal do Partido Comunista do Brasil (PCdoB), se re\u00fane \u00e0s 15h, deste s\u00e1bado (07), para debater e tomar&hellip;<\/p>\n","protected":false},"author":1,"featured_media":0,"comment_status":"open","ping_status":"open","sticky":false,"template":"","format":"standard","meta":{"footnotes":""},"categories":[1],"tags":[8896,2,11431,5151,11873,381],"class_list":["post-8062","post","type-post","status-publish","format-standard","hentry","category-sem-categoria","tag-academia-caruaruense-de-literatura-de-cordel","tag-blog-do-edvaldo-magalhaes","tag-eleicoes-2016","tag-jorge-gomes","tag-pcdob-se-reune-para-definir-posicao-no-2o-turno-em-caruaru","tag-psb"],"_links":{"self":[{"href":"https:\/\/blogdoedvaldomagalhaes.com.br\/index.php\/wp-json\/wp\/v2\/posts\/8062","targetHints":{"allow":["GET"]}}],"collection":[{"href":"https:\/\/blogdoedvaldomagalhaes.com.br\/index.php\/wp-json\/wp\/v2\/posts"}],"about":[{"href":"https:\/\/blogdoedvaldomagalhaes.com.br\/index.php\/wp-json\/wp\/v2\/types\/post"}],"author":[{"embeddable":true,"href":"https:\/\/blogdoedvaldomagalhaes.com.br\/index.php\/wp-json\/wp\/v2\/users\/1"}],"replies":[{"embeddable":true,"href":"https:\/\/blogdoedvaldomagalhaes.com.br\/index.php\/wp-json\/wp\/v2\/comments?post=8062"}],"version-history":[{"count":1,"href":"https:\/\/blogdoedvaldomagalhaes.com.br\/index.php\/wp-json\/wp\/v2\/posts\/8062\/revisions"}],"predecessor-version":[{"id":13101,"href":"https:\/\/blogdoedvaldomagalhaes.com.br\/index.php\/wp-json\/wp\/v2\/posts\/8062\/revisions\/13101"}],"wp:attachment":[{"href":"https:\/\/blogdoedvaldomagalhaes.com.br\/index.php\/wp-json\/wp\/v2\/media?parent=8062"}],"wp:term":[{"taxonomy":"category","embeddable":true,"href":"https:\/\/blogdoedvaldomagalhaes.com.br\/index.php\/wp-json\/wp\/v2\/categories?post=8062"},{"taxonomy":"post_tag","embeddable":true,"href":"https:\/\/blogdoedvaldomagalhaes.com.br\/index.php\/wp-json\/wp\/v2\/tags?post=8062"}],"curies":[{"name":"wp","href":"https:\/\/api.w.org\/{rel}","templated":true}]}}