{"id":80617,"date":"2022-02-26T13:24:20","date_gmt":"2022-02-26T16:24:20","guid":{"rendered":"https:\/\/blogdoedvaldomagalhaes.com.br\/?p=80617"},"modified":"2022-02-26T14:34:41","modified_gmt":"2022-02-26T17:34:41","slug":"ator-jose-carlos-sanches-o-fausto-da-novela-por-amor-e-encontrado-morto-em-apartamento","status":"publish","type":"post","link":"https:\/\/blogdoedvaldomagalhaes.com.br\/index.php\/2022\/02\/26\/ator-jose-carlos-sanches-o-fausto-da-novela-por-amor-e-encontrado-morto-em-apartamento\/","title":{"rendered":"Ator Jos\u00e9 Carlos Sanches o &#8220;Fausto&#8221; da novela &#8216;Por Amor&#8217; \u00e9 encontrado morto em apartamento"},"content":{"rendered":"<p style=\"text-align: justify;\"><span style=\"font-size: inherit;\">O ator Jos\u00e9 Carlos Sanches foi encontrado morto na noite dessa sexta-feira (25), no apartamento em que ele morava em Copacabana, na Zona Sul do Rio de Janeiro. O artista fez sua estreia na Globo, como L\u00facio, da novela &#8220;\u00c1gua Viva&#8221;. Ele tamb\u00e9m atuou na primeira vers\u00e3o de &#8220;Tititi&#8221; e em &#8220;Que Rei Sou Eu?&#8221; e &#8220;Amor com Amor se Paga&#8221;, tendo no piloto Fausto, de &#8220;Por Amor&#8221;, um de seus pap\u00e9is mais emblem\u00e1ticos. O \u00faltimo trabalho de Sanches na TV foi na s\u00e9rie &#8220;Afinal, o Que Querem as Mulheres?&#8221;, em 2010.<\/span><\/p>\n<p style=\"text-align: justify;\">De acordo com a pol\u00edcia civil do Rio de Janeiro, o artista, que tinha 67 anos, deve ter morrido h\u00e1 ao menos quatro dias, devido ao avan\u00e7ado estado de putrefa\u00e7\u00e3o do corpo. Familiares de Sanches compareceram ao IML (Instituto M\u00e9dico Legal) na manh\u00e3 deste s\u00e1bado, 26\/2, para iniciar os tr\u00e2mites funer\u00e1rios.<\/p>\n","protected":false},"excerpt":{"rendered":"<p>O ator Jos\u00e9 Carlos Sanches foi encontrado morto na noite dessa sexta-feira (25), no apartamento em que ele morava em&hellip;<\/p>\n","protected":false},"author":1,"featured_media":80618,"comment_status":"open","ping_status":"open","sticky":false,"template":"","format":"standard","meta":{"footnotes":""},"categories":[14120],"tags":[2,19532,3406],"class_list":["post-80617","post","type-post","status-publish","format-standard","has-post-thumbnail","hentry","category-noticias","tag-blog-do-edvaldo-magalhaes","tag-blog-mais-acessado-e-visualizado-de-caruaru-e-regiao","tag-caruaru"],"_links":{"self":[{"href":"https:\/\/blogdoedvaldomagalhaes.com.br\/index.php\/wp-json\/wp\/v2\/posts\/80617","targetHints":{"allow":["GET"]}}],"collection":[{"href":"https:\/\/blogdoedvaldomagalhaes.com.br\/index.php\/wp-json\/wp\/v2\/posts"}],"about":[{"href":"https:\/\/blogdoedvaldomagalhaes.com.br\/index.php\/wp-json\/wp\/v2\/types\/post"}],"author":[{"embeddable":true,"href":"https:\/\/blogdoedvaldomagalhaes.com.br\/index.php\/wp-json\/wp\/v2\/users\/1"}],"replies":[{"embeddable":true,"href":"https:\/\/blogdoedvaldomagalhaes.com.br\/index.php\/wp-json\/wp\/v2\/comments?post=80617"}],"version-history":[{"count":2,"href":"https:\/\/blogdoedvaldomagalhaes.com.br\/index.php\/wp-json\/wp\/v2\/posts\/80617\/revisions"}],"predecessor-version":[{"id":80620,"href":"https:\/\/blogdoedvaldomagalhaes.com.br\/index.php\/wp-json\/wp\/v2\/posts\/80617\/revisions\/80620"}],"wp:featuredmedia":[{"embeddable":true,"href":"https:\/\/blogdoedvaldomagalhaes.com.br\/index.php\/wp-json\/wp\/v2\/media\/80618"}],"wp:attachment":[{"href":"https:\/\/blogdoedvaldomagalhaes.com.br\/index.php\/wp-json\/wp\/v2\/media?parent=80617"}],"wp:term":[{"taxonomy":"category","embeddable":true,"href":"https:\/\/blogdoedvaldomagalhaes.com.br\/index.php\/wp-json\/wp\/v2\/categories?post=80617"},{"taxonomy":"post_tag","embeddable":true,"href":"https:\/\/blogdoedvaldomagalhaes.com.br\/index.php\/wp-json\/wp\/v2\/tags?post=80617"}],"curies":[{"name":"wp","href":"https:\/\/api.w.org\/{rel}","templated":true}]}}