{"id":80614,"date":"2022-02-26T10:42:18","date_gmt":"2022-02-26T13:42:18","guid":{"rendered":"https:\/\/blogdoedvaldomagalhaes.com.br\/?p=80614"},"modified":"2022-02-26T10:42:19","modified_gmt":"2022-02-26T13:42:19","slug":"anderson-correia-intensifica-combate-aos-maus-tratos-no-periodo-de-carnaval","status":"publish","type":"post","link":"https:\/\/blogdoedvaldomagalhaes.com.br\/index.php\/2022\/02\/26\/anderson-correia-intensifica-combate-aos-maus-tratos-no-periodo-de-carnaval\/","title":{"rendered":"Anderson Correia intensifica combate aos maus-tratos no per\u00edodo de Carnaval"},"content":{"rendered":"<p style=\"text-align: justify;\"><span style=\"font-size: inherit;\">Com o combate aos maus-tratos como uma das principais atividades de seu mandato, o vereador e Presidente da Comiss\u00e3o Permanente dos Direitos dos Animais, Anderson Correia (PP), vai estar em campo no per\u00edodo de Carnaval para coibir esta pr\u00e1tica contra os animais em Caruaru. O parlamentar vai aproveitar o momento para intensificar o atendimento \u00e0s den\u00fancias na Capital do Agreste, combatendo quem vem praticando crimes maltratando os animais.<\/span><\/p>\n<p style=\"text-align: justify;\">\u201cNosso mandato \u00e9 comprometido com a causa animal e n\u00e3o vamos parar de combater os crimes de maus-tratos. N\u00e3o tem feriado ou dia ruim, estamos dispon\u00edveis todos os dias, buscando fazer o melhor para garantir os direitos e a dignidade daqueles que n\u00e3o tem vez e voz. Nestes dias de Carnaval, quem quiser realizar uma den\u00fancia, basta falar comigo tanto por meio das minhas redes sociais, como tamb\u00e9m por meio do WhatsApp do nosso gabinete no 81. 9 7341-5825, que estaremos atentos ao chamado da popula\u00e7\u00e3o\u201d, ressaltou o vereador.<\/p>\n","protected":false},"excerpt":{"rendered":"<p>Com o combate aos maus-tratos como uma das principais atividades de seu mandato, o vereador e Presidente da Comiss\u00e3o Permanente&hellip;<\/p>\n","protected":false},"author":1,"featured_media":80615,"comment_status":"open","ping_status":"open","sticky":false,"template":"","format":"standard","meta":{"footnotes":""},"categories":[14122],"tags":[24082,2,19532,3406],"class_list":["post-80614","post","type-post","status-publish","format-standard","has-post-thumbnail","hentry","category-politica","tag-anderson-correia-intensifica-combate-aos-maus-tratos-no-periodo-de-carnaval","tag-blog-do-edvaldo-magalhaes","tag-blog-mais-acessado-e-visualizado-de-caruaru-e-regiao","tag-caruaru"],"_links":{"self":[{"href":"https:\/\/blogdoedvaldomagalhaes.com.br\/index.php\/wp-json\/wp\/v2\/posts\/80614","targetHints":{"allow":["GET"]}}],"collection":[{"href":"https:\/\/blogdoedvaldomagalhaes.com.br\/index.php\/wp-json\/wp\/v2\/posts"}],"about":[{"href":"https:\/\/blogdoedvaldomagalhaes.com.br\/index.php\/wp-json\/wp\/v2\/types\/post"}],"author":[{"embeddable":true,"href":"https:\/\/blogdoedvaldomagalhaes.com.br\/index.php\/wp-json\/wp\/v2\/users\/1"}],"replies":[{"embeddable":true,"href":"https:\/\/blogdoedvaldomagalhaes.com.br\/index.php\/wp-json\/wp\/v2\/comments?post=80614"}],"version-history":[{"count":1,"href":"https:\/\/blogdoedvaldomagalhaes.com.br\/index.php\/wp-json\/wp\/v2\/posts\/80614\/revisions"}],"predecessor-version":[{"id":80616,"href":"https:\/\/blogdoedvaldomagalhaes.com.br\/index.php\/wp-json\/wp\/v2\/posts\/80614\/revisions\/80616"}],"wp:featuredmedia":[{"embeddable":true,"href":"https:\/\/blogdoedvaldomagalhaes.com.br\/index.php\/wp-json\/wp\/v2\/media\/80615"}],"wp:attachment":[{"href":"https:\/\/blogdoedvaldomagalhaes.com.br\/index.php\/wp-json\/wp\/v2\/media?parent=80614"}],"wp:term":[{"taxonomy":"category","embeddable":true,"href":"https:\/\/blogdoedvaldomagalhaes.com.br\/index.php\/wp-json\/wp\/v2\/categories?post=80614"},{"taxonomy":"post_tag","embeddable":true,"href":"https:\/\/blogdoedvaldomagalhaes.com.br\/index.php\/wp-json\/wp\/v2\/tags?post=80614"}],"curies":[{"name":"wp","href":"https:\/\/api.w.org\/{rel}","templated":true}]}}