{"id":80603,"date":"2022-02-25T21:58:29","date_gmt":"2022-02-26T00:58:29","guid":{"rendered":"https:\/\/blogdoedvaldomagalhaes.com.br\/?p=80603"},"modified":"2022-02-25T22:21:20","modified_gmt":"2022-02-26T01:21:20","slug":"tonynho-rodrigues-apresenta-a-paulo-camara-projeto-que-cria-o-cartao-da-moda-que-beneficiara-polo-de-confeccoes","status":"publish","type":"post","link":"https:\/\/blogdoedvaldomagalhaes.com.br\/index.php\/2022\/02\/25\/tonynho-rodrigues-apresenta-a-paulo-camara-projeto-que-cria-o-cartao-da-moda-que-beneficiara-polo-de-confeccoes\/","title":{"rendered":"Tonynho Rodrigues apresenta a Paulo C\u00e2mara, projeto que cria o Cart\u00e3o da Moda que beneficiar\u00e1 Polo de Confec\u00e7\u00f5es"},"content":{"rendered":"<p style=\"text-align: justify;\">Acompanhado do Deputado Estadual Tony Gel, o empres\u00e1rio Tonynho Rodrigues entregou na tarde desta sexta-feira 25, um projeto que sugere a cria\u00e7\u00e3o do Cart\u00e3o da Moda que beneficiar\u00e1 o Polo de Confec\u00e7\u00f5es do Agreste.<\/p>\n<p style=\"text-align: justify;\">Tonynho explicou ao governador, que a ideia do Cart\u00e3o da Moda, \u00e9 abrir uma linha de cr\u00e9dito que funcionar\u00e1 como um cart\u00e3o de cr\u00e9dito com limite pr\u00e9-aprovado e rotativo, com a especificidade de financiar insumos necess\u00e1rios para a a produ\u00e7\u00e3o de confeccionados, e que dever\u00e3o ser adquiridos em rede de fornecedores pr\u00e9-cadastrados.<\/p>\n<p style=\"text-align: justify;\">\u201cO governador Paulo C\u00e2mara achou a ideia interessante. Falei para ele dos benef\u00edcios que o cart\u00e3o da moda pode proporcionar para aqueles que atuam no Polo de Confec\u00e7\u00f5es do Agreste. E o Governador Paulo C\u00e2mara j\u00e1 encaminhou a proposta apresentada para a sua assessoria estud\u00e1-la\u201d,disse Tonynho Rodrigues.<\/p>\n<p>Foto: Divulga\u00e7\u00e3o.<\/p>\n","protected":false},"excerpt":{"rendered":"<p>Acompanhado do Deputado Estadual Tony Gel, o empres\u00e1rio Tonynho Rodrigues entregou na tarde desta sexta-feira 25, um projeto que sugere&hellip;<\/p>\n","protected":false},"author":1,"featured_media":80605,"comment_status":"open","ping_status":"open","sticky":false,"template":"","format":"standard","meta":{"footnotes":""},"categories":[14122],"tags":[2,19532,3406,24080],"class_list":["post-80603","post","type-post","status-publish","format-standard","has-post-thumbnail","hentry","category-politica","tag-blog-do-edvaldo-magalhaes","tag-blog-mais-acessado-e-visualizado-de-caruaru-e-regiao","tag-caruaru","tag-tonynho-rodrigues-apresenta-a-paulo-camara-projeto-que-cria-o-cartao-da-moda-que-beneficiara-polo-de-confeccoes"],"_links":{"self":[{"href":"https:\/\/blogdoedvaldomagalhaes.com.br\/index.php\/wp-json\/wp\/v2\/posts\/80603","targetHints":{"allow":["GET"]}}],"collection":[{"href":"https:\/\/blogdoedvaldomagalhaes.com.br\/index.php\/wp-json\/wp\/v2\/posts"}],"about":[{"href":"https:\/\/blogdoedvaldomagalhaes.com.br\/index.php\/wp-json\/wp\/v2\/types\/post"}],"author":[{"embeddable":true,"href":"https:\/\/blogdoedvaldomagalhaes.com.br\/index.php\/wp-json\/wp\/v2\/users\/1"}],"replies":[{"embeddable":true,"href":"https:\/\/blogdoedvaldomagalhaes.com.br\/index.php\/wp-json\/wp\/v2\/comments?post=80603"}],"version-history":[{"count":2,"href":"https:\/\/blogdoedvaldomagalhaes.com.br\/index.php\/wp-json\/wp\/v2\/posts\/80603\/revisions"}],"predecessor-version":[{"id":80607,"href":"https:\/\/blogdoedvaldomagalhaes.com.br\/index.php\/wp-json\/wp\/v2\/posts\/80603\/revisions\/80607"}],"wp:featuredmedia":[{"embeddable":true,"href":"https:\/\/blogdoedvaldomagalhaes.com.br\/index.php\/wp-json\/wp\/v2\/media\/80605"}],"wp:attachment":[{"href":"https:\/\/blogdoedvaldomagalhaes.com.br\/index.php\/wp-json\/wp\/v2\/media?parent=80603"}],"wp:term":[{"taxonomy":"category","embeddable":true,"href":"https:\/\/blogdoedvaldomagalhaes.com.br\/index.php\/wp-json\/wp\/v2\/categories?post=80603"},{"taxonomy":"post_tag","embeddable":true,"href":"https:\/\/blogdoedvaldomagalhaes.com.br\/index.php\/wp-json\/wp\/v2\/tags?post=80603"}],"curies":[{"name":"wp","href":"https:\/\/api.w.org\/{rel}","templated":true}]}}