{"id":80600,"date":"2022-02-25T20:49:45","date_gmt":"2022-02-25T23:49:45","guid":{"rendered":"https:\/\/blogdoedvaldomagalhaes.com.br\/?p=80600"},"modified":"2022-02-25T20:49:47","modified_gmt":"2022-02-25T23:49:47","slug":"preco-da-cesta-basica-sobe-em-caruaru-de-acordo-com-o-procon","status":"publish","type":"post","link":"https:\/\/blogdoedvaldomagalhaes.com.br\/index.php\/2022\/02\/25\/preco-da-cesta-basica-sobe-em-caruaru-de-acordo-com-o-procon\/","title":{"rendered":"Pre\u00e7o da cesta b\u00e1sica sobe em Caruaru, de acordo com o Procon"},"content":{"rendered":"<p style=\"text-align: justify;\"><span style=\"font-size: inherit;\">A Ger\u00eancia Municipal de Prote\u00e7\u00e3o e Defesa do Consumidor (Procon Caruaru) realizou, entre os dias 21 e 23 de fevereiro, um levantamento de pre\u00e7os de itens que integram a cesta b\u00e1sica praticados em fevereiro nos supermercados do munic\u00edpio. Em compara\u00e7\u00e3o ao m\u00eas passado, o valor m\u00e9dio teve reajuste de 2,71%, sendo comercializado por R$ 578,89, e em janeiro o custo era de R$ 563,19, comprometendo 47,76% do sal\u00e1rio m\u00ednimo.<\/span><\/p>\n<p style=\"text-align: justify;\">Foram pesquisados os valores de 27 produtos do g\u00eanero aliment\u00edcio e higi\u00eanico em 12 estabelecimentos do munic\u00edpio e, entre os pre\u00e7os verificados, est\u00e1 o quilo do arroz, que est\u00e1 custando entre R$ 2,99 e R$ 3,89, sendo uma diferen\u00e7a de 30,10%, e do feij\u00e3o do tipo carioca, vendido de R$ 5,97 a R$ 7,19, quando comparado os itens mais baratos encontrados entre um supermercado e outro.<\/p>\n<p style=\"text-align: justify;\">Ainda de acordo com o levantamento, outros itens que constam na lista com maior altera\u00e7\u00e3o na porcentagem no g\u00eanero aliment\u00edcio foram o quilo do frango inteiro, chegando a apresentar 111,59% no valor comercializado; o quilo da carne bovina de segunda, que constatou uma varia\u00e7\u00e3o de at\u00e9 99,53%, sendo comercializado entre R$ 16,99 e R$ 33,90; a embalagem de leite em p\u00f3 (200 gramas), colocada \u00e0 venda a partir de R$ 4,99 indo at\u00e9 R$ 7,19, e a bandeja de ovos brancos (30 unidades), vendido entre R$ 13,59 e R$ 18,50, uma discrep\u00e2ncia de at\u00e9 36,13% entre os estabelecimentos.<\/p>\n<p style=\"text-align: justify;\">O gerente geral do Procon Caruaru, Nyverson Moura, ressalta que o levantamento de pre\u00e7os tem como objetivo proporcionar ao consumidor caruaruense um meio para facilitar na hora da compra. \u201cA pesquisa de pre\u00e7o da cesta b\u00e1sica realizada pelo Procon Caruaru \u00e9 de extrema import\u00e2ncia para que o consumidor possa economizar, pois, a partir dela, poder\u00e1 comparar os valores praticados nos diversos supermercados do munic\u00edpio\u201d, refor\u00e7ou.<\/p>\n<p style=\"text-align: justify;\">O conte\u00fado completo do levantamento, com os pre\u00e7os aplicados em cada estabelecimento, est\u00e1 dispon\u00edvel no site da Prefeitura de Caruaru, atrav\u00e9s do link www.caruaru.pe.gov.br, ou ainda pelo WhatsApp do Procon Caruaru: (81) 9 8384-5909.<\/p>\n<p style=\"text-align: justify;\">Foto do Procon: Edm\u00edlson Tanaka.<\/p>\n","protected":false},"excerpt":{"rendered":"<p>A Ger\u00eancia Municipal de Prote\u00e7\u00e3o e Defesa do Consumidor (Procon Caruaru) realizou, entre os dias 21 e 23 de fevereiro,&hellip;<\/p>\n","protected":false},"author":1,"featured_media":80601,"comment_status":"open","ping_status":"open","sticky":false,"template":"","format":"standard","meta":{"footnotes":""},"categories":[14120],"tags":[2,19532,3406,24079],"class_list":["post-80600","post","type-post","status-publish","format-standard","has-post-thumbnail","hentry","category-noticias","tag-blog-do-edvaldo-magalhaes","tag-blog-mais-acessado-e-visualizado-de-caruaru-e-regiao","tag-caruaru","tag-preco-da-cesta-basica-sobe-em-caruaru-de-acordo-com-o-procon"],"_links":{"self":[{"href":"https:\/\/blogdoedvaldomagalhaes.com.br\/index.php\/wp-json\/wp\/v2\/posts\/80600","targetHints":{"allow":["GET"]}}],"collection":[{"href":"https:\/\/blogdoedvaldomagalhaes.com.br\/index.php\/wp-json\/wp\/v2\/posts"}],"about":[{"href":"https:\/\/blogdoedvaldomagalhaes.com.br\/index.php\/wp-json\/wp\/v2\/types\/post"}],"author":[{"embeddable":true,"href":"https:\/\/blogdoedvaldomagalhaes.com.br\/index.php\/wp-json\/wp\/v2\/users\/1"}],"replies":[{"embeddable":true,"href":"https:\/\/blogdoedvaldomagalhaes.com.br\/index.php\/wp-json\/wp\/v2\/comments?post=80600"}],"version-history":[{"count":1,"href":"https:\/\/blogdoedvaldomagalhaes.com.br\/index.php\/wp-json\/wp\/v2\/posts\/80600\/revisions"}],"predecessor-version":[{"id":80602,"href":"https:\/\/blogdoedvaldomagalhaes.com.br\/index.php\/wp-json\/wp\/v2\/posts\/80600\/revisions\/80602"}],"wp:featuredmedia":[{"embeddable":true,"href":"https:\/\/blogdoedvaldomagalhaes.com.br\/index.php\/wp-json\/wp\/v2\/media\/80601"}],"wp:attachment":[{"href":"https:\/\/blogdoedvaldomagalhaes.com.br\/index.php\/wp-json\/wp\/v2\/media?parent=80600"}],"wp:term":[{"taxonomy":"category","embeddable":true,"href":"https:\/\/blogdoedvaldomagalhaes.com.br\/index.php\/wp-json\/wp\/v2\/categories?post=80600"},{"taxonomy":"post_tag","embeddable":true,"href":"https:\/\/blogdoedvaldomagalhaes.com.br\/index.php\/wp-json\/wp\/v2\/tags?post=80600"}],"curies":[{"name":"wp","href":"https:\/\/api.w.org\/{rel}","templated":true}]}}