{"id":8060,"date":"2016-10-08T00:35:00","date_gmt":"2016-10-08T03:35:00","guid":{"rendered":"http:\/\/blogdoedvaldomagalhaes.com.br\/index.php\/2016\/10\/08\/psb-apoia-tony-gel-e-casal-gomes-fica\/"},"modified":"2019-02-09T01:02:01","modified_gmt":"2019-02-09T03:02:01","slug":"psb-apoia-tony-gel-e-casal-gomes-fica","status":"publish","type":"post","link":"https:\/\/blogdoedvaldomagalhaes.com.br\/index.php\/2016\/10\/08\/psb-apoia-tony-gel-e-casal-gomes-fica\/","title":{"rendered":"PSB ap\u00f3ia Tony Gel, mas casal Jorge e Laura Gomes fica neutro"},"content":{"rendered":"<div class=\"separator\" style=\"clear: both; text-align: center;\">\n<\/div>\n<div style=\"text-align: justify;\">\n<div style=\"-webkit-text-stroke-width: 0px; color: black; font-family: &quot;Times New Roman&quot;; font-size: medium; font-style: normal; font-variant-caps: normal; font-variant-ligatures: normal; font-weight: normal; letter-spacing: normal; orphans: 2; text-align: justify; text-indent: 0px; text-transform: none; white-space: normal; widows: 2; word-spacing: 0px;\">\n<\/div>\n<div class=\"separator\" style=\"clear: both; text-align: center;\">\n<a href=\"https:\/\/1.bp.blogspot.com\/-XCdJOKYO2Co\/V_hX1YhLVrI\/AAAAAAAAH1Y\/z_nknR20a3kmg7O-lWBCsR-RCLnnzYPwgCLcB\/s1600\/paulo.jpg\" imageanchor=\"1\" style=\"margin-left: 1em; margin-right: 1em;\"><img loading=\"lazy\" decoding=\"async\" border=\"0\" height=\"300\" src=\"http:\/\/blogdoedvaldomagalhaes.com.br\/wp-content\/uploads\/2016\/10\/paulo.jpg\" width=\"400\" \/><\/a><\/div>\n<p><\/p>\n<div style=\"font-style: normal; font-weight: normal; letter-spacing: normal; text-align: justify; text-indent: 0px; text-transform: none; white-space: normal; word-spacing: 0px;\">\n<div style=\"margin: 0px;\">\nO Casal socialista Jorge e Laura Gomes, ficam neutros no segundo turno da elei\u00e7\u00e3o de Caruaru. por\u00e9m, o partido deles PSB apoia a candidatura de Tony Gel (PMDB). Leia&nbsp;a nota assinada por Jorge Gomes, que esteve reunido nesta sexta-feira (07), com a esposa, Laura e o governador Paulo C\u00e2mara.&nbsp;<\/p>\n<div style=\"background-color: white; border: 0px; margin-bottom: 1.5em; outline: 0px; padding: 0px; text-align: justify; vertical-align: baseline;\">\n<b>JORGE GOMES MANT\u00c9M COER\u00caNCIA HIST\u00d3RICA NESSE SEGUNDO TURNO&nbsp;<\/b><\/div>\n<div style=\"background-color: white; border: 0px; margin-bottom: 1.5em; outline: 0px; padding: 0px; text-align: justify; vertical-align: baseline;\">\nA minha hist\u00f3ria de vida pessoal e pol\u00edtica sempre foi pautada pela lealdade e coer\u00eancia. Estou no PSB h\u00e1 25 anos, o que demonstra o meu alinhamento com as bandeiras de luta do partido que teve como principais lideran\u00e7as os ex-governadores Miguel Arraes, de quem fui vice-governador, e Eduardo Campos, de quem fui Secret\u00e1rio de Sa\u00fade.<\/div>\n<div style=\"background-color: white; border: 0px; margin-bottom: 1.5em; outline: 0px; padding: 0px; text-align: justify; vertical-align: baseline;\">\nNos \u00faltimos oito anos, estive ao lado do prefeito Jos\u00e9 Queiroz, do PDT, e &nbsp;estamos trabalhando juntos pelo crescimento de Caruaru, cidade que se desenvolve a olhos vistos, com obras e a\u00e7\u00f5es estruturadoras que j\u00e1 se incorporaram ao dia a dia dos caruaruenses. Com muita honra, fui escolhido por Queiroz e pelo deputado Wolney Queiroz, presidente estadual do PDT, para disputar a Prefeitura de Caruaru com o apoio de uma ampla rede de partidos formada pelo PSB-PDT-PC do B- PT- PTC- PRP- PP. Fizemos uma campanha limpa, com propostas p\u00e9s no ch\u00e3o, poss\u00edveis de serem realizadas, uma vez que os munic\u00edpios ir\u00e3o precisar de gestores com responsabilidade e habilidade para tocar os pr\u00f3ximos quatro anos de administra\u00e7\u00e3o num cen\u00e1rio de crise financeira e diminui\u00e7\u00e3o de repasses federais.<\/div>\n<div style=\"background-color: white; border: 0px; margin-bottom: 1.5em; outline: 0px; padding: 0px; text-align: justify; vertical-align: baseline;\">\nMas, a decis\u00e3o do povo \u00e9 soberana e n\u00e3o fomos para o segundo turno. Agora, as lideran\u00e7as est\u00e3o fazendo suas escolhas diante do cen\u00e1rio de Caruaru. Tive v\u00e1rias conversas com o meu partido, o PSB Estadual. A \u00faltima foi realizada nesta sexta, 07, com a presen\u00e7a do governador Paulo C\u00e2mara. Por consenso, existe a tend\u00eancia do PSB Estadual apoiar a candidatura do deputado estadual Tony Gel, vice-l\u00edder do Governo do Estado, na Assembleia Legislativa.<\/div>\n<div style=\"background-color: white; border: 0px; margin-bottom: 1.5em; outline: 0px; padding: 0px; text-align: justify; vertical-align: baseline;\">\nPela minha coer\u00eancia hist\u00f3rica, n\u00e3o posso seguir a recomenda\u00e7\u00e3o do meu Partido e, de forma transparente, expliquei aos integrantes do PSB Estadual que, em Caruaru, o deputado estadual Tony Gel \u00e9 um advers\u00e1rio hist\u00f3rico.<\/div>\n<div style=\"background-color: white; border: 0px; margin-bottom: 1.5em; outline: 0px; padding: 0px; text-align: justify; vertical-align: baseline;\">\nDa mesma forma, cultivando a mesma coer\u00eancia, expliquei ao prefeito Jos\u00e9 Queiroz e ao deputado federal Wolney Queiroz que n\u00e3o vou apoiar a candidatura de Raquel Lyra por dois motivos fundamentais: o seu Plano de Governo apresentado ao longo da campanha vai totalmente de encontro \u00e0 nossa proposta de continuidade e avan\u00e7os, al\u00e9m da deputada ocupar, hoje, a oposi\u00e7\u00e3o em rela\u00e7\u00e3o ao meu Partido, o PSB, Estadual. Essa decis\u00e3o \u00e9 compartilhada pelo PSB Municipal, presidido por Laura Gomes, e tamb\u00e9m pelo vereador reeleito do PSB, Marcelo Gomes.<\/div>\n<div style=\"background-color: white; border: 0px; margin-bottom: 1.5em; outline: 0px; padding: 0px; text-align: justify; vertical-align: baseline;\">\nSendo assim, agrade\u00e7o aos eleitores que acreditaram nas minhas propostas, confiante de que cada um saber\u00e1 fazer a melhor escolha para a nossa cidade.<\/div>\n<div style=\"background-color: white; border: 0px; margin-bottom: 1.5em; outline: 0px; padding: 0px; text-align: justify; vertical-align: baseline;\">\nCaruaru, 07 de outubro de 2016.<\/div>\n<div style=\"background-color: white; border: 0px; margin-bottom: 1.5em; outline: 0px; padding: 0px; text-align: justify; vertical-align: baseline;\">\nJorge Gomes<\/div>\n<\/div>\n<\/div>\n<\/div>\n","protected":false},"excerpt":{"rendered":"<p>O Casal socialista Jorge e Laura Gomes, ficam neutros no segundo turno da elei\u00e7\u00e3o de Caruaru. por\u00e9m, o partido deles&hellip;<\/p>\n","protected":false},"author":1,"featured_media":0,"comment_status":"open","ping_status":"open","sticky":false,"template":"","format":"standard","meta":{"footnotes":""},"categories":[1],"tags":[2,11431,5151,3341,999,20,381],"class_list":["post-8060","post","type-post","status-publish","format-standard","hentry","category-sem-categoria","tag-blog-do-edvaldo-magalhaes","tag-eleicoes-2016","tag-jorge-gomes","tag-laura-gomes","tag-paulo-camara","tag-politica","tag-psb"],"_links":{"self":[{"href":"https:\/\/blogdoedvaldomagalhaes.com.br\/index.php\/wp-json\/wp\/v2\/posts\/8060","targetHints":{"allow":["GET"]}}],"collection":[{"href":"https:\/\/blogdoedvaldomagalhaes.com.br\/index.php\/wp-json\/wp\/v2\/posts"}],"about":[{"href":"https:\/\/blogdoedvaldomagalhaes.com.br\/index.php\/wp-json\/wp\/v2\/types\/post"}],"author":[{"embeddable":true,"href":"https:\/\/blogdoedvaldomagalhaes.com.br\/index.php\/wp-json\/wp\/v2\/users\/1"}],"replies":[{"embeddable":true,"href":"https:\/\/blogdoedvaldomagalhaes.com.br\/index.php\/wp-json\/wp\/v2\/comments?post=8060"}],"version-history":[{"count":1,"href":"https:\/\/blogdoedvaldomagalhaes.com.br\/index.php\/wp-json\/wp\/v2\/posts\/8060\/revisions"}],"predecessor-version":[{"id":13105,"href":"https:\/\/blogdoedvaldomagalhaes.com.br\/index.php\/wp-json\/wp\/v2\/posts\/8060\/revisions\/13105"}],"wp:attachment":[{"href":"https:\/\/blogdoedvaldomagalhaes.com.br\/index.php\/wp-json\/wp\/v2\/media?parent=8060"}],"wp:term":[{"taxonomy":"category","embeddable":true,"href":"https:\/\/blogdoedvaldomagalhaes.com.br\/index.php\/wp-json\/wp\/v2\/categories?post=8060"},{"taxonomy":"post_tag","embeddable":true,"href":"https:\/\/blogdoedvaldomagalhaes.com.br\/index.php\/wp-json\/wp\/v2\/tags?post=8060"}],"curies":[{"name":"wp","href":"https:\/\/api.w.org\/{rel}","templated":true}]}}