{"id":80584,"date":"2022-02-25T14:18:34","date_gmt":"2022-02-25T17:18:34","guid":{"rendered":"https:\/\/blogdoedvaldomagalhaes.com.br\/?p=80584"},"modified":"2022-02-25T14:18:35","modified_gmt":"2022-02-25T17:18:35","slug":"confira-o-que-proibido-no-periodo-de-carnaval-em-pernambuco","status":"publish","type":"post","link":"https:\/\/blogdoedvaldomagalhaes.com.br\/index.php\/2022\/02\/25\/confira-o-que-proibido-no-periodo-de-carnaval-em-pernambuco\/","title":{"rendered":"Confira o que proibido no per\u00edodo de Carnaval em Pernambuco"},"content":{"rendered":"<p style=\"text-align: justify;\"><span style=\"font-size: inherit;\">De 25 de fevereiro a 1\u00b0 de mar\u00e7o, est\u00e1 vedada, em todos os munic\u00edpios do Estado, a realiza\u00e7\u00e3o de qualquer evento cultural, independentemente do n\u00famero de participantes, incluindo festas, shows, bailes, com ou sem a comercializa\u00e7\u00e3o de ingressos.<\/span><\/p>\n<p style=\"text-align: justify;\">Tamb\u00e9m n\u00e3o haver\u00e1 ponto facultativo nas reparti\u00e7\u00f5es p\u00fablicas estaduais nos dias do Carnaval, e a orienta\u00e7\u00e3o \u00e9 que os munic\u00edpios e demais entes p\u00fablicos sigam a mesma regra.<\/p>\n<p style=\"text-align: justify;\">A variante \u00d4micron da Covid-19 continua presente em Pernambuco e no Brasil, impactando no aumento das hospitaliza\u00e7\u00f5es e \u00f3bitos, principalmente entre as pessoas n\u00e3o vacinadas.<\/p>\n<p style=\"text-align: justify;\">Vamos nos cuidar? Vacine-se, evite aglomera\u00e7\u00f5es, mantenha a higiene das m\u00e3os e use m\u00e1scara!<\/p>\n","protected":false},"excerpt":{"rendered":"<p>De 25 de fevereiro a 1\u00b0 de mar\u00e7o, est\u00e1 vedada, em todos os munic\u00edpios do Estado, a realiza\u00e7\u00e3o de qualquer&hellip;<\/p>\n","protected":false},"author":1,"featured_media":80585,"comment_status":"open","ping_status":"open","sticky":false,"template":"","format":"standard","meta":{"footnotes":""},"categories":[14120],"tags":[2,19532,3406,24077],"class_list":["post-80584","post","type-post","status-publish","format-standard","has-post-thumbnail","hentry","category-noticias","tag-blog-do-edvaldo-magalhaes","tag-blog-mais-acessado-e-visualizado-de-caruaru-e-regiao","tag-caruaru","tag-confira-o-que-proibido-no-periodo-de-carnaval-em-pernambuc"],"_links":{"self":[{"href":"https:\/\/blogdoedvaldomagalhaes.com.br\/index.php\/wp-json\/wp\/v2\/posts\/80584","targetHints":{"allow":["GET"]}}],"collection":[{"href":"https:\/\/blogdoedvaldomagalhaes.com.br\/index.php\/wp-json\/wp\/v2\/posts"}],"about":[{"href":"https:\/\/blogdoedvaldomagalhaes.com.br\/index.php\/wp-json\/wp\/v2\/types\/post"}],"author":[{"embeddable":true,"href":"https:\/\/blogdoedvaldomagalhaes.com.br\/index.php\/wp-json\/wp\/v2\/users\/1"}],"replies":[{"embeddable":true,"href":"https:\/\/blogdoedvaldomagalhaes.com.br\/index.php\/wp-json\/wp\/v2\/comments?post=80584"}],"version-history":[{"count":1,"href":"https:\/\/blogdoedvaldomagalhaes.com.br\/index.php\/wp-json\/wp\/v2\/posts\/80584\/revisions"}],"predecessor-version":[{"id":80586,"href":"https:\/\/blogdoedvaldomagalhaes.com.br\/index.php\/wp-json\/wp\/v2\/posts\/80584\/revisions\/80586"}],"wp:featuredmedia":[{"embeddable":true,"href":"https:\/\/blogdoedvaldomagalhaes.com.br\/index.php\/wp-json\/wp\/v2\/media\/80585"}],"wp:attachment":[{"href":"https:\/\/blogdoedvaldomagalhaes.com.br\/index.php\/wp-json\/wp\/v2\/media?parent=80584"}],"wp:term":[{"taxonomy":"category","embeddable":true,"href":"https:\/\/blogdoedvaldomagalhaes.com.br\/index.php\/wp-json\/wp\/v2\/categories?post=80584"},{"taxonomy":"post_tag","embeddable":true,"href":"https:\/\/blogdoedvaldomagalhaes.com.br\/index.php\/wp-json\/wp\/v2\/tags?post=80584"}],"curies":[{"name":"wp","href":"https:\/\/api.w.org\/{rel}","templated":true}]}}