{"id":80580,"date":"2022-02-25T13:48:14","date_gmt":"2022-02-25T16:48:14","guid":{"rendered":"https:\/\/blogdoedvaldomagalhaes.com.br\/?p=80580"},"modified":"2022-02-25T19:47:14","modified_gmt":"2022-02-25T22:47:14","slug":"empresario-ameaca-demolir-bilheteira-do-estadio-do-central-e-maquina-e-apreendida-por-falta-de-documentacao","status":"publish","type":"post","link":"https:\/\/blogdoedvaldomagalhaes.com.br\/index.php\/2022\/02\/25\/empresario-ameaca-demolir-bilheteira-do-estadio-do-central-e-maquina-e-apreendida-por-falta-de-documentacao\/","title":{"rendered":"Empres\u00e1rio amea\u00e7a demolir bilheteira do Est\u00e1dio do Central e m\u00e1quina \u00e9 apreendida por falta de documenta\u00e7\u00e3o"},"content":{"rendered":"<p style=\"text-align: justify;\">O Central Sport Club vive meses de turbul\u00eancia, \u00e9 uma crise sem previs\u00e3o de t\u00e9rmino, e na manh\u00e3 desta sexta-feira (25), o empres\u00e1rio do setor imobili\u00e1rio, Jos\u00e9 Porfirio, enviou uma m\u00e1quina retroescavadeira para avenida Professor Jos\u00e9 Le\u00e3o, no bairro Maur\u00edcio de Nassau, em Caruaru, com a inten\u00e7\u00e3o de demolir uma bilheteira do Est\u00e1dio Luiz Jos\u00e9 de Lacerda (Lacerd\u00e3o).<\/p>\n<p style=\"text-align: justify;\">Segundo Luiz Andrade, representante do empres\u00e1rio, o seu cliente fez um contrato de loca\u00e7\u00e3o no dia 5 julho de 2021, com o comit\u00ea gestor de futebol do clube, permitindo o uso do espa\u00e7o das bilheterias em troca do empr\u00e9stimo no valor de R$ 75 mil, sendo assinado pelo ex-presidente Alexandre C\u00e9sar, que renunciou ao cargo meses depois. Ainda de acordo com Luiz Andrade, o atual gestor do Central, Cl\u00eanio Lima, pagou R$ 25 mil do d\u00e9bito, por\u00e9m, est\u00e3o faltando R$ 50 mil.<\/p>\n<p style=\"text-align: justify;\">A Pol\u00edcia Militar e a Guarda Municipal estiveram no local. Foi constatado que a m\u00e1quina retroescadeira estava sem documento e foi recolhida pela Autarquia Municipal de Tr\u00e2nsito e Transportes\u00a0 &#8211; AMTTC, e o motorista n\u00e3o possu\u00eda habilita\u00e7\u00e3o.<\/p>\n<p style=\"text-align: justify;\">Conselheiros do clube se reuniram para tentar ver uma solu\u00e7\u00e3o, para viabilizar um acordo e prometeram pagar ao empres\u00e1rio at\u00e9 o dia 10 de mar\u00e7o.\u00a0<\/p>\n\n\n<figure class=\"wp-block-image size-large\"><img loading=\"lazy\" decoding=\"async\" width=\"819\" height=\"1024\" src=\"https:\/\/blogdoedvaldomagalhaes.com.br\/wp-content\/uploads\/2022\/02\/IMG-20220225-WA0301-819x1024.jpg\" alt=\"\" class=\"wp-image-80587\" srcset=\"https:\/\/blogdoedvaldomagalhaes.com.br\/wp-content\/uploads\/2022\/02\/IMG-20220225-WA0301-819x1024.jpg 819w, https:\/\/blogdoedvaldomagalhaes.com.br\/wp-content\/uploads\/2022\/02\/IMG-20220225-WA0301-240x300.jpg 240w, https:\/\/blogdoedvaldomagalhaes.com.br\/wp-content\/uploads\/2022\/02\/IMG-20220225-WA0301-768x960.jpg 768w, https:\/\/blogdoedvaldomagalhaes.com.br\/wp-content\/uploads\/2022\/02\/IMG-20220225-WA0301.jpg 1080w\" sizes=\"auto, (max-width: 819px) 100vw, 819px\" \/><\/figure>\n","protected":false},"excerpt":{"rendered":"<p>O Central Sport Club vive meses de turbul\u00eancia, \u00e9 uma crise sem previs\u00e3o de t\u00e9rmino, e na manh\u00e3 desta sexta-feira&hellip;<\/p>\n","protected":false},"author":1,"featured_media":80581,"comment_status":"open","ping_status":"open","sticky":false,"template":"","format":"standard","meta":{"footnotes":""},"categories":[14123],"tags":[2,19532,3406,2954,24076,3],"class_list":["post-80580","post","type-post","status-publish","format-standard","has-post-thumbnail","hentry","category-futebol","tag-blog-do-edvaldo-magalhaes","tag-blog-mais-acessado-e-visualizado-de-caruaru-e-regiao","tag-caruaru","tag-central-sport-club","tag-empresario-ameaca-demolir-bilheteira-do-estadio-do-central-e-maquina-e-apreendida-por-falta-de-documentacao","tag-futebol"],"_links":{"self":[{"href":"https:\/\/blogdoedvaldomagalhaes.com.br\/index.php\/wp-json\/wp\/v2\/posts\/80580","targetHints":{"allow":["GET"]}}],"collection":[{"href":"https:\/\/blogdoedvaldomagalhaes.com.br\/index.php\/wp-json\/wp\/v2\/posts"}],"about":[{"href":"https:\/\/blogdoedvaldomagalhaes.com.br\/index.php\/wp-json\/wp\/v2\/types\/post"}],"author":[{"embeddable":true,"href":"https:\/\/blogdoedvaldomagalhaes.com.br\/index.php\/wp-json\/wp\/v2\/users\/1"}],"replies":[{"embeddable":true,"href":"https:\/\/blogdoedvaldomagalhaes.com.br\/index.php\/wp-json\/wp\/v2\/comments?post=80580"}],"version-history":[{"count":4,"href":"https:\/\/blogdoedvaldomagalhaes.com.br\/index.php\/wp-json\/wp\/v2\/posts\/80580\/revisions"}],"predecessor-version":[{"id":80597,"href":"https:\/\/blogdoedvaldomagalhaes.com.br\/index.php\/wp-json\/wp\/v2\/posts\/80580\/revisions\/80597"}],"wp:featuredmedia":[{"embeddable":true,"href":"https:\/\/blogdoedvaldomagalhaes.com.br\/index.php\/wp-json\/wp\/v2\/media\/80581"}],"wp:attachment":[{"href":"https:\/\/blogdoedvaldomagalhaes.com.br\/index.php\/wp-json\/wp\/v2\/media?parent=80580"}],"wp:term":[{"taxonomy":"category","embeddable":true,"href":"https:\/\/blogdoedvaldomagalhaes.com.br\/index.php\/wp-json\/wp\/v2\/categories?post=80580"},{"taxonomy":"post_tag","embeddable":true,"href":"https:\/\/blogdoedvaldomagalhaes.com.br\/index.php\/wp-json\/wp\/v2\/tags?post=80580"}],"curies":[{"name":"wp","href":"https:\/\/api.w.org\/{rel}","templated":true}]}}