{"id":80571,"date":"2022-02-25T11:51:33","date_gmt":"2022-02-25T14:51:33","guid":{"rendered":"https:\/\/blogdoedvaldomagalhaes.com.br\/?p=80571"},"modified":"2022-02-25T11:51:35","modified_gmt":"2022-02-25T14:51:35","slug":"prf-inicia-operacao-carnaval-em-pernambuco","status":"publish","type":"post","link":"https:\/\/blogdoedvaldomagalhaes.com.br\/index.php\/2022\/02\/25\/prf-inicia-operacao-carnaval-em-pernambuco\/","title":{"rendered":"PRF inicia Opera\u00e7\u00e3o Carnaval em Pernambuco"},"content":{"rendered":"<p style=\"text-align: justify;\"><span style=\"font-size: inherit;\">Come\u00e7ou \u00e0 zero hora desta sexta-feira (25\/02) e segue at\u00e9 a meia-noite da quarta-feira (02\/03), a Opera\u00e7\u00e3o Carnaval 2022 da Pol\u00edcia Rodovi\u00e1ria Federal (PRF) em Pernambuco. A iniciativa est\u00e1 inserida na Opera\u00e7\u00e3o Rodovida e consiste em uma s\u00e9rie de a\u00e7\u00f5es de seguran\u00e7a vi\u00e1ria e combate ao crime, para oferecer mais seguran\u00e7a a quem vai viajar nesse per\u00edodo.<\/span><\/p>\n<p style=\"text-align: justify;\">Com a suspens\u00e3o das festas t\u00edpicas de Carnaval em Recife e Olinda, a expectativa \u00e9 de que haja um aumento da movimenta\u00e7\u00e3o nas rodovias, principalmente em dire\u00e7\u00e3o ao Litoral e interior de Pernambuco. As BRs 101, 232, 104 e 428, que cortam o Grande Recife, o Agreste e o Sert\u00e3o do estado devem apresentar um aumento do tr\u00e1fego de ve\u00edculos a partir da tarde de sexta-feira.<\/p>\n<p style=\"text-align: justify;\">A fiscaliza\u00e7\u00e3o contar\u00e1 com o apoio de equipes extras e ser\u00e1 direcionada a hor\u00e1rios e locais onde ocorrem mais sinistros. A PRF ir\u00e1 atuar para evitar comportamentos imprudentes, como as ultrapassagens indevidas, o uso irregular de motocicletas e a falta de equipamentos obrigat\u00f3rios.<\/p>\n<p style=\"text-align: justify;\">A alcoolemia \u00e9 uma das principais preocupa\u00e7\u00f5es da PRF, devido ao aumento no consumo de bebidas alco\u00f3licas nessa \u00e9poca. Al\u00e9m da fiscaliza\u00e7\u00e3o com o etil\u00f4metro, mais conhecido como baf\u00f4metro, o \u00f3rg\u00e3o lan\u00e7ou uma campanha para alertar motoristas sobre os riscos associados \u00e0 mistura de bebida e dire\u00e7\u00e3o.<\/p>\n<p style=\"text-align: justify;\"><strong>Recomenda\u00e7\u00f5es<\/strong><\/p>\n<p style=\"text-align: justify;\">Confira se a documenta\u00e7\u00e3o do motorista e do ve\u00edculo est\u00e3o em dia;<\/p>\n<p style=\"text-align: justify;\">Fa\u00e7a uma revis\u00e3o no carro, calibre os pneus e o estepe antes de pegar a estrada;<\/p>\n<p style=\"text-align: justify;\">Entregue o celular ao passageiro e mantenha a aten\u00e7\u00e3o na rodovia;<\/p>\n<p style=\"text-align: justify;\">Aumente a dist\u00e2ncia em rela\u00e7\u00e3o aos outros ve\u00edculos e reserve a faixa da esquerda para os ve\u00edculos de emerg\u00eancia;<\/p>\n<p style=\"text-align: justify;\">S\u00f3 ultrapasse em locais permitidos e quando tiver a certeza de que a manobra \u00e9 segura;<\/p>\n<p style=\"text-align: justify;\">Em caso de emerg\u00eancia, entre em contato com a PRF pelo 191.<\/p>\n<p style=\"text-align: justify;\"><strong>Restri\u00e7\u00e3o de tr\u00e1fego<\/strong><\/p>\n<p style=\"text-align: justify;\">Para melhorar a seguran\u00e7a nas rodovias federais, o tr\u00e1fego de alguns ve\u00edculos de carga ser\u00e1 restringido em rodovias de pista simples. N\u00e3o podem transitar ve\u00edculos ou combina\u00e7\u00f5es de ve\u00edculos, pass\u00edveis ou n\u00e3o de Autoriza\u00e7\u00e3o Especial de Tr\u00e2nsito (AET) ou Autoriza\u00e7\u00e3o Espec\u00edfica (AE), cujo peso e dimens\u00f5es excedam qualquer um dos seguintes limites:<\/p>\n<p style=\"text-align: justify;\">Largura: 2,60 metros;<\/p>\n<p style=\"text-align: justify;\">Altura: 4,40 metros;<\/p>\n<p style=\"text-align: justify;\">Comprimento total: 19,80 metros;<\/p>\n<p style=\"text-align: justify;\">Peso Bruto Total Combinado (PBTC): 57 toneladas.<\/p>\n<p style=\"text-align: justify;\"><strong>Datas e hor\u00e1rios da restri\u00e7\u00e3o:<\/strong><\/p>\n<p style=\"text-align: justify;\">Sexta-feira (25) &#8211; das 16h \u00e0s 22h;<\/p>\n<p style=\"text-align: justify;\">S\u00e1bado (26) &#8211; das 6h \u00e0s 12h;<\/p>\n<p style=\"text-align: justify;\">Ter\u00e7a-feira (01) &#8211; das 16h \u00e0s 22h;<\/p>\n<p style=\"text-align: justify;\">Quarta-feira (27) &#8211; das 6h \u00e0s 12h.<\/p>\n","protected":false},"excerpt":{"rendered":"<p>Come\u00e7ou \u00e0 zero hora desta sexta-feira (25\/02) e segue at\u00e9 a meia-noite da quarta-feira (02\/03), a Opera\u00e7\u00e3o Carnaval 2022 da&hellip;<\/p>\n","protected":false},"author":1,"featured_media":80572,"comment_status":"open","ping_status":"open","sticky":false,"template":"","format":"standard","meta":{"footnotes":""},"categories":[14121],"tags":[2,19532,3406,24075],"class_list":["post-80571","post","type-post","status-publish","format-standard","has-post-thumbnail","hentry","category-policial","tag-blog-do-edvaldo-magalhaes","tag-blog-mais-acessado-e-visualizado-de-caruaru-e-regiao","tag-caruaru","tag-prf-inicia-operacao-carnaval-na-sexta-feira-em-pernambuco"],"_links":{"self":[{"href":"https:\/\/blogdoedvaldomagalhaes.com.br\/index.php\/wp-json\/wp\/v2\/posts\/80571","targetHints":{"allow":["GET"]}}],"collection":[{"href":"https:\/\/blogdoedvaldomagalhaes.com.br\/index.php\/wp-json\/wp\/v2\/posts"}],"about":[{"href":"https:\/\/blogdoedvaldomagalhaes.com.br\/index.php\/wp-json\/wp\/v2\/types\/post"}],"author":[{"embeddable":true,"href":"https:\/\/blogdoedvaldomagalhaes.com.br\/index.php\/wp-json\/wp\/v2\/users\/1"}],"replies":[{"embeddable":true,"href":"https:\/\/blogdoedvaldomagalhaes.com.br\/index.php\/wp-json\/wp\/v2\/comments?post=80571"}],"version-history":[{"count":1,"href":"https:\/\/blogdoedvaldomagalhaes.com.br\/index.php\/wp-json\/wp\/v2\/posts\/80571\/revisions"}],"predecessor-version":[{"id":80573,"href":"https:\/\/blogdoedvaldomagalhaes.com.br\/index.php\/wp-json\/wp\/v2\/posts\/80571\/revisions\/80573"}],"wp:featuredmedia":[{"embeddable":true,"href":"https:\/\/blogdoedvaldomagalhaes.com.br\/index.php\/wp-json\/wp\/v2\/media\/80572"}],"wp:attachment":[{"href":"https:\/\/blogdoedvaldomagalhaes.com.br\/index.php\/wp-json\/wp\/v2\/media?parent=80571"}],"wp:term":[{"taxonomy":"category","embeddable":true,"href":"https:\/\/blogdoedvaldomagalhaes.com.br\/index.php\/wp-json\/wp\/v2\/categories?post=80571"},{"taxonomy":"post_tag","embeddable":true,"href":"https:\/\/blogdoedvaldomagalhaes.com.br\/index.php\/wp-json\/wp\/v2\/tags?post=80571"}],"curies":[{"name":"wp","href":"https:\/\/api.w.org\/{rel}","templated":true}]}}