{"id":80567,"date":"2022-02-25T11:09:41","date_gmt":"2022-02-25T14:09:41","guid":{"rendered":"https:\/\/blogdoedvaldomagalhaes.com.br\/?p=80567"},"modified":"2022-02-25T11:09:42","modified_gmt":"2022-02-25T14:09:42","slug":"moradores-fecham-trecho-da-br-232-em-caruaru-devido-falta-dagua","status":"publish","type":"post","link":"https:\/\/blogdoedvaldomagalhaes.com.br\/index.php\/2022\/02\/25\/moradores-fecham-trecho-da-br-232-em-caruaru-devido-falta-dagua\/","title":{"rendered":"Moradores fecham trecho da BR 232, em Caruaru, devido falta d&#8217;\u00e1gua"},"content":{"rendered":"<p style=\"text-align: justify;\">O protesto come\u00e7ou por volta das 10h no km 132 da BR 232, em Caruaru.<\/p>\n<p style=\"text-align: justify;\">Moradores do residencial Alto do Moura protestam pela falta d&#8217;\u00e1gua e pediram a presen\u00e7a de um representante da Compesa, que j\u00e1 est\u00e1 no local.<\/p>\n<p style=\"text-align: justify;\">A rodovia est\u00e1 fechada no sentido S\u00e3o Caetano e o tr\u00e2nsito est\u00e1 congestionado.<\/p>\n<p style=\"text-align: justify;\">O Corpo de Bombeiros apagou o fogo e vai iniciar a limpeza.<\/p>\n<p style=\"text-align: justify;\">H\u00e1 mais de 50 pessoas no local.<\/p>\n\n\n<figure class=\"wp-block-image size-large\"><img loading=\"lazy\" decoding=\"async\" width=\"1024\" height=\"768\" src=\"https:\/\/blogdoedvaldomagalhaes.com.br\/wp-content\/uploads\/2022\/02\/IMG-20220225-WA0108-1024x768.jpg\" alt=\"\" class=\"wp-image-80569\" srcset=\"https:\/\/blogdoedvaldomagalhaes.com.br\/wp-content\/uploads\/2022\/02\/IMG-20220225-WA0108-1024x768.jpg 1024w, https:\/\/blogdoedvaldomagalhaes.com.br\/wp-content\/uploads\/2022\/02\/IMG-20220225-WA0108-300x225.jpg 300w, https:\/\/blogdoedvaldomagalhaes.com.br\/wp-content\/uploads\/2022\/02\/IMG-20220225-WA0108-768x576.jpg 768w, https:\/\/blogdoedvaldomagalhaes.com.br\/wp-content\/uploads\/2022\/02\/IMG-20220225-WA0108-1536x1153.jpg 1536w, https:\/\/blogdoedvaldomagalhaes.com.br\/wp-content\/uploads\/2022\/02\/IMG-20220225-WA0108-160x120.jpg 160w, https:\/\/blogdoedvaldomagalhaes.com.br\/wp-content\/uploads\/2022\/02\/IMG-20220225-WA0108.jpg 1599w\" sizes=\"auto, (max-width: 1024px) 100vw, 1024px\" \/><figcaption>Foto: PRF\/Divulga\u00e7\u00e3o <\/figcaption><\/figure>\n","protected":false},"excerpt":{"rendered":"<p>O protesto come\u00e7ou por volta das 10h no km 132 da BR 232, em Caruaru. Moradores do residencial Alto do&hellip;<\/p>\n","protected":false},"author":1,"featured_media":80568,"comment_status":"open","ping_status":"open","sticky":false,"template":"","format":"standard","meta":{"footnotes":""},"categories":[14120],"tags":[2,19532,3406,24074],"class_list":["post-80567","post","type-post","status-publish","format-standard","has-post-thumbnail","hentry","category-noticias","tag-blog-do-edvaldo-magalhaes","tag-blog-mais-acessado-e-visualizado-de-caruaru-e-regiao","tag-caruaru","tag-moradores-fecham-trecho-da-br-232-em-caruaru-devido-falta-dagua"],"_links":{"self":[{"href":"https:\/\/blogdoedvaldomagalhaes.com.br\/index.php\/wp-json\/wp\/v2\/posts\/80567","targetHints":{"allow":["GET"]}}],"collection":[{"href":"https:\/\/blogdoedvaldomagalhaes.com.br\/index.php\/wp-json\/wp\/v2\/posts"}],"about":[{"href":"https:\/\/blogdoedvaldomagalhaes.com.br\/index.php\/wp-json\/wp\/v2\/types\/post"}],"author":[{"embeddable":true,"href":"https:\/\/blogdoedvaldomagalhaes.com.br\/index.php\/wp-json\/wp\/v2\/users\/1"}],"replies":[{"embeddable":true,"href":"https:\/\/blogdoedvaldomagalhaes.com.br\/index.php\/wp-json\/wp\/v2\/comments?post=80567"}],"version-history":[{"count":1,"href":"https:\/\/blogdoedvaldomagalhaes.com.br\/index.php\/wp-json\/wp\/v2\/posts\/80567\/revisions"}],"predecessor-version":[{"id":80570,"href":"https:\/\/blogdoedvaldomagalhaes.com.br\/index.php\/wp-json\/wp\/v2\/posts\/80567\/revisions\/80570"}],"wp:featuredmedia":[{"embeddable":true,"href":"https:\/\/blogdoedvaldomagalhaes.com.br\/index.php\/wp-json\/wp\/v2\/media\/80568"}],"wp:attachment":[{"href":"https:\/\/blogdoedvaldomagalhaes.com.br\/index.php\/wp-json\/wp\/v2\/media?parent=80567"}],"wp:term":[{"taxonomy":"category","embeddable":true,"href":"https:\/\/blogdoedvaldomagalhaes.com.br\/index.php\/wp-json\/wp\/v2\/categories?post=80567"},{"taxonomy":"post_tag","embeddable":true,"href":"https:\/\/blogdoedvaldomagalhaes.com.br\/index.php\/wp-json\/wp\/v2\/tags?post=80567"}],"curies":[{"name":"wp","href":"https:\/\/api.w.org\/{rel}","templated":true}]}}