{"id":80564,"date":"2022-02-25T10:07:44","date_gmt":"2022-02-25T13:07:44","guid":{"rendered":"https:\/\/blogdoedvaldomagalhaes.com.br\/?p=80564"},"modified":"2022-02-25T12:23:15","modified_gmt":"2022-02-25T15:23:15","slug":"confira-o-que-abre-e-fecha-no-carnaval-2022","status":"publish","type":"post","link":"https:\/\/blogdoedvaldomagalhaes.com.br\/index.php\/2022\/02\/25\/confira-o-que-abre-e-fecha-no-carnaval-2022\/","title":{"rendered":"Confira o que abre e fecha no Carnaval 2022"},"content":{"rendered":"<p style=\"text-align: justify;\">O Governo de Pernambuco e a Prefeitura de Caruaru suspenderam o ponto facultativo durante o per\u00edodo do Carnaval, devido \u00e0 pandemia da covid-19. Haver\u00e1 expediente normal nos \u00f3rg\u00e3os p\u00fablicos municipais e estaduais.<\/p>\n<p style=\"text-align: justify;\">O com\u00e9rcio poder\u00e1 funcionar normalmente. O Sindloja Caruaru orienta os lojistas abrirem as portas segunda e ter\u00e7a-feira.<\/p>\n<p style=\"text-align: justify;\">As ag\u00eancias banc\u00e1rias e as casas lot\u00e9ricas estar\u00e3o fechadas.<\/p>\n<p style=\"text-align: justify;\">A feira da sulanca n\u00e3o ir\u00e1 funcionar em Caruaru, Toritama e Santa Cruz do Capibaribe.<\/p>\n<p style=\"text-align: justify;\">A ag\u00eancia do INSS em Caruaru, estar\u00e1 fechada segunda e ter\u00e7a-feira.<\/p>\n<p class=\"texto\" style=\"text-align: justify;\">Casa-museu Mestre Vitalino e Memorial Mestre Galdino funcionar\u00e3o normalmente.<\/p>\n<p class=\"texto\" style=\"text-align: justify;\">Central de Abastecimento de Caruaru (CEACA)\u00a0funcionar\u00e1 normal, das 0h \u00e0s 15h.<\/p>\n<p class=\"texto\" style=\"text-align: justify;\">Vacina\u00e7\u00e3o, Unidades B\u00e1sicas de Sa\u00fade (UBS), Centros de Sa\u00fade e UPAs ser\u00e1 normal.<\/p>\n<p class=\"texto\" style=\"text-align: justify;\">Centro de testagem Covid-19 e Tenda da Boa Vista funcionar\u00e3o normalmente.<\/p>\n<p class=\"texto\" style=\"text-align: justify;\"><span style=\"font-size: inherit;\">Polo Caruaru estar\u00e1 funcionando em hor\u00e1rio especial. No s\u00e1bado e domingo (26\/02 e 27\/02), o funcionamento ser\u00e1 normal. J\u00e1 na segunda, ter\u00e7a e quarta-feira (28\/02 a 02\/03), n\u00e3o haver\u00e1 expediente. Nesse per\u00edodo, n\u00e3o haver\u00e1 apresenta\u00e7\u00f5es do M\u00fasica na Pra\u00e7a.\u00a0<\/span><\/p>\n<p style=\"text-align: justify;\">Shopping Difusora no per\u00edodo do Carnaval, apenas nos dias 28\/02 e 01\/03, segunda e ter\u00e7a-feira, funcionar\u00e1 em hor\u00e1rio especial: Lojas e Quiosques: 10h \u00e0s 20h; Alimenta\u00e7\u00e3o: 11h \u00e0s 20h. O hor\u00e1rio de funcionamento dos demais dias n\u00e3o ser\u00e3o alterados: S\u00e1bado: 10h \u00e0s 21h; Domingo: 11h \u00e0s 20h e Quarta-feira: 10h \u00e0s 22h; Alegria Difusora continua com atra\u00e7\u00f5es para relembrar a folia momesca, a programa\u00e7\u00e3o vai at\u00e9 o dia 02\/03 na Arena de Eventos \u2013 1\u00ba piso. Confira: Exposi\u00e7\u00e3o de Bonecos Gigantes \u2013 1\u00ba Piso; Oficinas Criativas \u2013 1\u00ba Piso.<\/p>\n<p style=\"text-align: justify;\">Caruaru Shopping estar\u00e1 funcionando normalmente. Na sexta-feira (25), as lojas \u00e2ncoras e sat\u00e9lites funcionam das 10h \u00e0s 22h; Big Bompre\u00e7o, das 7h \u00e0s 22h; Pra\u00e7a de Alimenta\u00e7\u00e3o e Lazer, das 11h \u00e0s 22h; Academia, das 5h \u00e0s 23h, e o Centerplex, conforme hor\u00e1rio de sess\u00e3o. No s\u00e1bado (26), as lojas \u00e2ncoras e sat\u00e9lites estar\u00e3o abertas das 10h \u00e0s 22h; o Big Bompre\u00e7o, das 7h \u00e0s 22h; a Pra\u00e7a de Alimenta\u00e7\u00e3o e Lazer, das 11h \u00e0s 22h; a Academia, das 8h \u00e0s 18h, e Centerplex, conforme hor\u00e1rio de sess\u00e3o. No domingo (27), as lojas \u00e2ncoras e sat\u00e9lites funcionam das 12h \u00e0s 21h; o Big Bompre\u00e7o, das 7h \u00e0s 21h; a Pra\u00e7a de Alimenta\u00e7\u00e3o e Lazer, das 12h \u00e0s 21h; a Academia, das 9h \u00e0s 15h, e o Centerplex, conforme hor\u00e1rio de sess\u00e3o. Na segunda (28), as lojas \u00e2ncoras e sat\u00e9lites estar\u00e3o abertas das 10h \u00e0s 22h; o Big Bompre\u00e7o, das 7h \u00e0s 22h; a Pra\u00e7a de Alimenta\u00e7\u00e3o e Lazer, das 11h \u00e0s 22h; a Academia, das 5h \u00e0s 23h, e o Centerplex, conforme hor\u00e1rio de sess\u00e3o. Na ter\u00e7a (1\u00ba), as lojas \u00e2ncoras e sat\u00e9lites funcionam das 10h \u00e0s 22h; o Big Bompre\u00e7o, das 7h \u00e0s 22h; a Pra\u00e7a de Alimenta\u00e7\u00e3o e Lazer, das 11h \u00e0s 22h; a Academia, das 5h \u00e0s 23h, e o Centerplex, conforme hor\u00e1rio de sess\u00e3o. Na quarta (2), as lojas \u00e2ncoras e sat\u00e9lites estar\u00e3o abertas das 10h \u00e0s 22h; o Big Bompre\u00e7o, das 7h \u00e0s 22h; a Pra\u00e7a de Alimenta\u00e7\u00e3o e Lazer, das 11h \u00e0s 22h; a Academia, das 5h \u00e0s 23h, e o Centerplex, conforme hor\u00e1rio de sess\u00e3o.<\/p>\n<p style=\"text-align: justify;\">A Secretaria de Educa\u00e7\u00e3o e Esportes de Caruaru (Seduc), informa que n\u00e3o haver\u00e1 aula nas escolas municipais na segunda, ter\u00e7a e quarta-feira (28 de fevereiro, 1\u00ba e 2 de mar\u00e7o), per\u00edodo correspondente ao Carnaval. J\u00e1 a Seduc funcionar\u00e1 normalmente. E tamb\u00e9m n\u00e3o haver\u00e1 aula na rede estadual de ensino.<\/p>\n<p style=\"text-align: justify;\">O Sinpro Pernambuco reafirma \u00e0 todos os professores e professoras das escolas particulares do estado, que, de acordo com a legisla\u00e7\u00e3o, os dias de carnaval, segunda (28), ter\u00e7a (01) e quarta (02) ser\u00e3o feriados, portanto n\u00e3o teremos aulas nas institui\u00e7\u00f5es privadas.<\/p>\n","protected":false},"excerpt":{"rendered":"<p>O Governo de Pernambuco e a Prefeitura de Caruaru suspenderam o ponto facultativo durante o per\u00edodo do Carnaval, devido \u00e0&hellip;<\/p>\n","protected":false},"author":1,"featured_media":80565,"comment_status":"open","ping_status":"open","sticky":false,"template":"","format":"standard","meta":{"footnotes":""},"categories":[14120],"tags":[2,19532,3406,24073],"class_list":["post-80564","post","type-post","status-publish","format-standard","has-post-thumbnail","hentry","category-noticias","tag-blog-do-edvaldo-magalhaes","tag-blog-mais-acessado-e-visualizado-de-caruaru-e-regiao","tag-caruaru","tag-confira-o-que-abre-e-fecha-no-carnaval-2022"],"_links":{"self":[{"href":"https:\/\/blogdoedvaldomagalhaes.com.br\/index.php\/wp-json\/wp\/v2\/posts\/80564","targetHints":{"allow":["GET"]}}],"collection":[{"href":"https:\/\/blogdoedvaldomagalhaes.com.br\/index.php\/wp-json\/wp\/v2\/posts"}],"about":[{"href":"https:\/\/blogdoedvaldomagalhaes.com.br\/index.php\/wp-json\/wp\/v2\/types\/post"}],"author":[{"embeddable":true,"href":"https:\/\/blogdoedvaldomagalhaes.com.br\/index.php\/wp-json\/wp\/v2\/users\/1"}],"replies":[{"embeddable":true,"href":"https:\/\/blogdoedvaldomagalhaes.com.br\/index.php\/wp-json\/wp\/v2\/comments?post=80564"}],"version-history":[{"count":4,"href":"https:\/\/blogdoedvaldomagalhaes.com.br\/index.php\/wp-json\/wp\/v2\/posts\/80564\/revisions"}],"predecessor-version":[{"id":80579,"href":"https:\/\/blogdoedvaldomagalhaes.com.br\/index.php\/wp-json\/wp\/v2\/posts\/80564\/revisions\/80579"}],"wp:featuredmedia":[{"embeddable":true,"href":"https:\/\/blogdoedvaldomagalhaes.com.br\/index.php\/wp-json\/wp\/v2\/media\/80565"}],"wp:attachment":[{"href":"https:\/\/blogdoedvaldomagalhaes.com.br\/index.php\/wp-json\/wp\/v2\/media?parent=80564"}],"wp:term":[{"taxonomy":"category","embeddable":true,"href":"https:\/\/blogdoedvaldomagalhaes.com.br\/index.php\/wp-json\/wp\/v2\/categories?post=80564"},{"taxonomy":"post_tag","embeddable":true,"href":"https:\/\/blogdoedvaldomagalhaes.com.br\/index.php\/wp-json\/wp\/v2\/tags?post=80564"}],"curies":[{"name":"wp","href":"https:\/\/api.w.org\/{rel}","templated":true}]}}