{"id":80559,"date":"2022-02-24T21:47:08","date_gmt":"2022-02-25T00:47:08","guid":{"rendered":"https:\/\/blogdoedvaldomagalhaes.com.br\/?p=80559"},"modified":"2022-02-24T21:47:09","modified_gmt":"2022-02-25T00:47:09","slug":"sindloja-caruaru-confirma-apoio-a-manoel-santos-na-eleicao-da-fecomercio","status":"publish","type":"post","link":"https:\/\/blogdoedvaldomagalhaes.com.br\/index.php\/2022\/02\/24\/sindloja-caruaru-confirma-apoio-a-manoel-santos-na-eleicao-da-fecomercio\/","title":{"rendered":"Sindloja Caruaru confirma apoio a Manoel Santos na elei\u00e7\u00e3o da Fecom\u00e9rcio"},"content":{"rendered":"<p style=\"text-align: justify;\">Na \u00faltima ter\u00e7a-feira (22), a diretoria do Sindloja Caruaru ratificou o nome do empres\u00e1rio Manoel Santos como candidato ao cargo de presidente da Fecom\u00e9rcio no pleito que ocorrer\u00e1 entre abril e maio de 2022.<\/p>\n<p style=\"text-align: justify;\">Numa reuni\u00e3o bastante concorrida, presidida pelo rec\u00e9m-empossado presidente do Sindloja, Augusto Costa, a diretoria aprovou o apoio por unanimidade (tendo apenas uma ressalva do vice-presidente Michel Jean, quanto a uma poss\u00edvel judicializa\u00e7\u00e3o).<\/p>\n<p style=\"text-align: justify;\">Manoel Santos e o grupo de sindicatos que o apoiam, incluindo o Sindlojas Recife, defendem a moderniza\u00e7\u00e3o do estatuto da Fecom\u00e9rcio para que fique em conson\u00e2ncia com o C\u00f3digo Civil e a Constitui\u00e7\u00e3o Federal. Eles solicitam o t\u00e9rmino dos mandatos sucessivos, vedando mais que uma recondu\u00e7\u00e3o para qualquer cargo da diretoria. Entre as propostas, est\u00e3o tamb\u00e9m a cria\u00e7\u00e3o da fun\u00e7\u00e3o de presidente do conselho de representantes da entidade, redefini\u00e7\u00e3o dos papeis da diretoria executiva e do conselho, uma vez que a diretoria se utiliza de prerrogativas que deveriam ser do conselho causando confus\u00e3o na atua\u00e7\u00e3o do comando da entidade. O grupo espera proporcionar assim mais transpar\u00eancia no modelo de gest\u00e3o, al\u00e9m do fortalecimento do princ\u00edpio democr\u00e1tico na entidade e est\u00edmulo \u00e0 altern\u00e2ncia na administra\u00e7\u00e3o da Fecom\u00e9rcio, algo que com o estatuto atual \u00e9 quase imposs\u00edvel.<\/p>\n<p style=\"text-align: justify;\">O modelo de gest\u00e3o baseado no estatuto vigente gera um comando quase autocr\u00e1tico para entidade, desestimulando a altern\u00e2ncia na gest\u00e3o e enfraquecendo o processo democr\u00e1tico de renova\u00e7\u00e3o. Outro aspecto que a oposi\u00e7\u00e3o defende \u00e9 uma melhor intera\u00e7\u00e3o com o setor empresarial, gerando dessa forma maior representatividade e, consequentemente, fortalecimento da entidade.<\/p>\n<p style=\"text-align: justify;\">Mais um ponto que a oposi\u00e7\u00e3o pretende discutir \u00e9 o princ\u00edpio da proporcionalidade. Isso significa que, quando houver disputa, seria uma disputa pelo comando da entidade e o grupo que sa\u00edsse vencedor ficaria com cargos proporcionalmente aos votos obtidos e, nesse caso, com prerrogativa de prefer\u00eancia para determinados cargos por ter tido maioria. Assim, todos os sindicatos filiados \u00e0 entidade estariam de uma forma ou de outra participando da gest\u00e3o, mantendo o equil\u00edbrio, reduzindo conflitos e n\u00e3o enfraquecendo a entidade por perdas de sindicatos representativos.<\/p>\n<p style=\"text-align: justify;\">O sistema sindical no Brasil precisa de mudan\u00e7as urgentes, que se adequem \u00e0 nova realidade social do pa\u00eds. O mundo se transforma, o Brasil se transforma, o setor empresarial se transforma na mesma velocidade e o movimento sindical n\u00e3o pode continuar \u00e0s margens dessas mudan\u00e7as e transforma\u00e7\u00f5es.<\/p>\n<p style=\"text-align: justify;\">Manoel Santos \u00e9 um empres\u00e1rio moderno e bem sucedido em seus empreendimentos, antenado com as mudan\u00e7as e tranforma\u00e7\u00f5es do setor. H\u00e1 mais de 25 anos disponibiliza grande parte do seu tempo em atua\u00e7\u00e3o em v\u00e1rias entidades de classe, tendo ocupado cargos tanto no movimento sindical como em outras entidades de classe. Ele tem todas as qualidades e condi\u00e7\u00f5es necess\u00e1rias para conduzir o processo de renova\u00e7\u00e3o para uma Fecom\u00e9rcio do futuro.<\/p>\n\n\n<figure class=\"wp-block-image size-large\"><img loading=\"lazy\" decoding=\"async\" width=\"1024\" height=\"768\" src=\"https:\/\/blogdoedvaldomagalhaes.com.br\/wp-content\/uploads\/2022\/02\/IMG-20220224-WA0433-1024x768.jpg\" alt=\"\" class=\"wp-image-80561\" srcset=\"https:\/\/blogdoedvaldomagalhaes.com.br\/wp-content\/uploads\/2022\/02\/IMG-20220224-WA0433-1024x768.jpg 1024w, https:\/\/blogdoedvaldomagalhaes.com.br\/wp-content\/uploads\/2022\/02\/IMG-20220224-WA0433-300x225.jpg 300w, https:\/\/blogdoedvaldomagalhaes.com.br\/wp-content\/uploads\/2022\/02\/IMG-20220224-WA0433-768x576.jpg 768w, https:\/\/blogdoedvaldomagalhaes.com.br\/wp-content\/uploads\/2022\/02\/IMG-20220224-WA0433-1536x1152.jpg 1536w, https:\/\/blogdoedvaldomagalhaes.com.br\/wp-content\/uploads\/2022\/02\/IMG-20220224-WA0433-160x120.jpg 160w, https:\/\/blogdoedvaldomagalhaes.com.br\/wp-content\/uploads\/2022\/02\/IMG-20220224-WA0433.jpg 1600w\" sizes=\"auto, (max-width: 1024px) 100vw, 1024px\" \/><\/figure>\n\n\n\n<figure class=\"wp-block-image size-large\"><img loading=\"lazy\" decoding=\"async\" width=\"1024\" height=\"768\" src=\"https:\/\/blogdoedvaldomagalhaes.com.br\/wp-content\/uploads\/2022\/02\/IMG-20220224-WA0434-1024x768.jpg\" alt=\"\" class=\"wp-image-80562\" srcset=\"https:\/\/blogdoedvaldomagalhaes.com.br\/wp-content\/uploads\/2022\/02\/IMG-20220224-WA0434-1024x768.jpg 1024w, https:\/\/blogdoedvaldomagalhaes.com.br\/wp-content\/uploads\/2022\/02\/IMG-20220224-WA0434-300x225.jpg 300w, https:\/\/blogdoedvaldomagalhaes.com.br\/wp-content\/uploads\/2022\/02\/IMG-20220224-WA0434-768x576.jpg 768w, https:\/\/blogdoedvaldomagalhaes.com.br\/wp-content\/uploads\/2022\/02\/IMG-20220224-WA0434-1536x1152.jpg 1536w, https:\/\/blogdoedvaldomagalhaes.com.br\/wp-content\/uploads\/2022\/02\/IMG-20220224-WA0434-160x120.jpg 160w, https:\/\/blogdoedvaldomagalhaes.com.br\/wp-content\/uploads\/2022\/02\/IMG-20220224-WA0434.jpg 1600w\" sizes=\"auto, (max-width: 1024px) 100vw, 1024px\" \/><figcaption>Fotos: Divulga\u00e7\u00e3o <\/figcaption><\/figure>\n","protected":false},"excerpt":{"rendered":"<p>Na \u00faltima ter\u00e7a-feira (22), a diretoria do Sindloja Caruaru ratificou o nome do empres\u00e1rio Manoel Santos como candidato ao cargo&hellip;<\/p>\n","protected":false},"author":1,"featured_media":80560,"comment_status":"open","ping_status":"open","sticky":false,"template":"","format":"standard","meta":{"footnotes":""},"categories":[14120],"tags":[2,19532,3406,24072],"class_list":["post-80559","post","type-post","status-publish","format-standard","has-post-thumbnail","hentry","category-noticias","tag-blog-do-edvaldo-magalhaes","tag-blog-mais-acessado-e-visualizado-de-caruaru-e-regiao","tag-caruaru","tag-sindloja-caruaru-confirma-apoio-a-manoel-santos-na-eleicao-da-fecomercio"],"_links":{"self":[{"href":"https:\/\/blogdoedvaldomagalhaes.com.br\/index.php\/wp-json\/wp\/v2\/posts\/80559","targetHints":{"allow":["GET"]}}],"collection":[{"href":"https:\/\/blogdoedvaldomagalhaes.com.br\/index.php\/wp-json\/wp\/v2\/posts"}],"about":[{"href":"https:\/\/blogdoedvaldomagalhaes.com.br\/index.php\/wp-json\/wp\/v2\/types\/post"}],"author":[{"embeddable":true,"href":"https:\/\/blogdoedvaldomagalhaes.com.br\/index.php\/wp-json\/wp\/v2\/users\/1"}],"replies":[{"embeddable":true,"href":"https:\/\/blogdoedvaldomagalhaes.com.br\/index.php\/wp-json\/wp\/v2\/comments?post=80559"}],"version-history":[{"count":1,"href":"https:\/\/blogdoedvaldomagalhaes.com.br\/index.php\/wp-json\/wp\/v2\/posts\/80559\/revisions"}],"predecessor-version":[{"id":80563,"href":"https:\/\/blogdoedvaldomagalhaes.com.br\/index.php\/wp-json\/wp\/v2\/posts\/80559\/revisions\/80563"}],"wp:featuredmedia":[{"embeddable":true,"href":"https:\/\/blogdoedvaldomagalhaes.com.br\/index.php\/wp-json\/wp\/v2\/media\/80560"}],"wp:attachment":[{"href":"https:\/\/blogdoedvaldomagalhaes.com.br\/index.php\/wp-json\/wp\/v2\/media?parent=80559"}],"wp:term":[{"taxonomy":"category","embeddable":true,"href":"https:\/\/blogdoedvaldomagalhaes.com.br\/index.php\/wp-json\/wp\/v2\/categories?post=80559"},{"taxonomy":"post_tag","embeddable":true,"href":"https:\/\/blogdoedvaldomagalhaes.com.br\/index.php\/wp-json\/wp\/v2\/tags?post=80559"}],"curies":[{"name":"wp","href":"https:\/\/api.w.org\/{rel}","templated":true}]}}