{"id":80543,"date":"2022-02-24T18:40:12","date_gmt":"2022-02-24T21:40:12","guid":{"rendered":"https:\/\/blogdoedvaldomagalhaes.com.br\/?p=80543"},"modified":"2022-02-24T18:40:13","modified_gmt":"2022-02-24T21:40:13","slug":"encerra-nesta-sexta-feira-25-prazo-para-o-pagamento-do-iptu-2022-com-desconto-em-cota-unica","status":"publish","type":"post","link":"https:\/\/blogdoedvaldomagalhaes.com.br\/index.php\/2022\/02\/24\/encerra-nesta-sexta-feira-25-prazo-para-o-pagamento-do-iptu-2022-com-desconto-em-cota-unica\/","title":{"rendered":"Encerra, nesta sexta-feira (25), prazo para o pagamento do IPTU 2022 com desconto em cota \u00fanica"},"content":{"rendered":"<p style=\"text-align: justify;\"><span style=\"font-size: inherit;\">Termina, nesta sexta-feira (25), o prazo dado pela Prefeitura de Caruaru, por meio da Secretaria da Fazenda, para que o contribuinte realize o pagamento do IPTU 2022, com desconto em cota \u00fanica.<\/span><\/p>\n<p style=\"text-align: justify;\">O prazo, que j\u00e1 foi prorrogado pelo \u00f3rg\u00e3o, permite que o contribuinte que pagar at\u00e9 amanh\u00e3 obtenha o desconto de 15% sobre o valor do imposto.<\/p>\n<p style=\"text-align: justify;\">A entrega dos carn\u00eas foi iniciada no dia 17 de janeiro, mas aqueles que ainda n\u00e3o receberam em sua resid\u00eancia podem se dirigir ao Centro Administrativo, localizado na Av. Rio Branco, 315, Centro, ou retir\u00e1-los pela internet, por meio do site www.portaldocontribuinte.caruaru.pe.gov.br.<\/p>\n<p style=\"text-align: justify;\">&#8220;A primeira parcela do IPTU ou a cota \u00fanica tinha vencimento para 31 de janeiro, mas, diante do cen\u00e1rio econ\u00f4mico que ainda estamos vivendo, por consequ\u00eancia da pandemia da Covid-19, decidimos estender o prazo para o dia 25 deste m\u00eas\u201d, explicou Simone Nunes, secret\u00e1ria da Fazenda do munic\u00edpio.<\/p>\n<p style=\"text-align: justify;\">O pagamento pode ser realizado em Casas Lot\u00e9ricas, na Caixa Econ\u00f4mica Federal, no Banco do Brasil ou na tesouraria da prefeitura, que tamb\u00e9m funciona no Centro Administrativo, de segunda a sexta, das 7h \u00e0s 13h.<\/p>\n<p style=\"text-align: justify;\">Foto de Caruaru: Jana\u00edna Pepeu.<\/p>\n","protected":false},"excerpt":{"rendered":"<p>Termina, nesta sexta-feira (25), o prazo dado pela Prefeitura de Caruaru, por meio da Secretaria da Fazenda, para que o&hellip;<\/p>\n","protected":false},"author":1,"featured_media":80544,"comment_status":"open","ping_status":"open","sticky":false,"template":"","format":"standard","meta":{"footnotes":""},"categories":[14120],"tags":[2,19532,3406,24068],"class_list":["post-80543","post","type-post","status-publish","format-standard","has-post-thumbnail","hentry","category-noticias","tag-blog-do-edvaldo-magalhaes","tag-blog-mais-acessado-e-visualizado-de-caruaru-e-regiao","tag-caruaru","tag-encerra-nesta-sexta-feira-25-prazo-para-o-pagamento-do-iptu-2022-com-desconto-em-cota-unica"],"_links":{"self":[{"href":"https:\/\/blogdoedvaldomagalhaes.com.br\/index.php\/wp-json\/wp\/v2\/posts\/80543","targetHints":{"allow":["GET"]}}],"collection":[{"href":"https:\/\/blogdoedvaldomagalhaes.com.br\/index.php\/wp-json\/wp\/v2\/posts"}],"about":[{"href":"https:\/\/blogdoedvaldomagalhaes.com.br\/index.php\/wp-json\/wp\/v2\/types\/post"}],"author":[{"embeddable":true,"href":"https:\/\/blogdoedvaldomagalhaes.com.br\/index.php\/wp-json\/wp\/v2\/users\/1"}],"replies":[{"embeddable":true,"href":"https:\/\/blogdoedvaldomagalhaes.com.br\/index.php\/wp-json\/wp\/v2\/comments?post=80543"}],"version-history":[{"count":1,"href":"https:\/\/blogdoedvaldomagalhaes.com.br\/index.php\/wp-json\/wp\/v2\/posts\/80543\/revisions"}],"predecessor-version":[{"id":80545,"href":"https:\/\/blogdoedvaldomagalhaes.com.br\/index.php\/wp-json\/wp\/v2\/posts\/80543\/revisions\/80545"}],"wp:featuredmedia":[{"embeddable":true,"href":"https:\/\/blogdoedvaldomagalhaes.com.br\/index.php\/wp-json\/wp\/v2\/media\/80544"}],"wp:attachment":[{"href":"https:\/\/blogdoedvaldomagalhaes.com.br\/index.php\/wp-json\/wp\/v2\/media?parent=80543"}],"wp:term":[{"taxonomy":"category","embeddable":true,"href":"https:\/\/blogdoedvaldomagalhaes.com.br\/index.php\/wp-json\/wp\/v2\/categories?post=80543"},{"taxonomy":"post_tag","embeddable":true,"href":"https:\/\/blogdoedvaldomagalhaes.com.br\/index.php\/wp-json\/wp\/v2\/tags?post=80543"}],"curies":[{"name":"wp","href":"https:\/\/api.w.org\/{rel}","templated":true}]}}