{"id":80540,"date":"2022-02-24T10:03:48","date_gmt":"2022-02-24T13:03:48","guid":{"rendered":"https:\/\/blogdoedvaldomagalhaes.com.br\/?p=80540"},"modified":"2022-02-24T10:03:49","modified_gmt":"2022-02-24T13:03:49","slug":"pm-prende-tres-homens-suspeitos-de-roubo-na-zona-rural-de-caruaru","status":"publish","type":"post","link":"https:\/\/blogdoedvaldomagalhaes.com.br\/index.php\/2022\/02\/24\/pm-prende-tres-homens-suspeitos-de-roubo-na-zona-rural-de-caruaru\/","title":{"rendered":"PM prende tr\u00eas homens suspeitos de roubo na zona rural de Caruaru"},"content":{"rendered":"<p style=\"text-align: justify;\">Nessa quarta-feira (23), policiais Militares do 4\u00baBPM, receberam informa\u00e7\u00f5es de que tr\u00eas indiv\u00edduos estariam praticando roubos na Fazenda Santa F\u00e9, S\u00edtio Riacho Doce, Zona Rural de Caruaru-PE.<\/p>\n<p style=\"text-align: justify;\">Atrav\u00e9s dessas informa\u00e7\u00f5es, o policiamento se deslocou at\u00e9 o endere\u00e7o citado, onde obteve \u00eaxito na localiza\u00e7\u00e3o dos suspeitos. Com eles foram encontrados os seguintes materiais: um rev\u00f3lver cal. 38, com duas muni\u00e7\u00f5es e um alicate tesoura. Diante dos fatos, os envolvidos juntamente com o material apreendido foram conduzidos \u00e0 Delegacia de Plant\u00e3o em Caruaru, para ado\u00e7\u00e3o das medidas cab\u00edveis.<\/p>\n","protected":false},"excerpt":{"rendered":"<p>Nessa quarta-feira (23), policiais Militares do 4\u00baBPM, receberam informa\u00e7\u00f5es de que tr\u00eas indiv\u00edduos estariam praticando roubos na Fazenda Santa F\u00e9,&hellip;<\/p>\n","protected":false},"author":1,"featured_media":80541,"comment_status":"open","ping_status":"open","sticky":false,"template":"","format":"standard","meta":{"footnotes":""},"categories":[14121],"tags":[2,19532,3406,24067],"class_list":["post-80540","post","type-post","status-publish","format-standard","has-post-thumbnail","hentry","category-policial","tag-blog-do-edvaldo-magalhaes","tag-blog-mais-acessado-e-visualizado-de-caruaru-e-regiao","tag-caruaru","tag-pm-prende-tres-homens-suspeitos-de-roubo-na-zona-rural-de-caruaru"],"_links":{"self":[{"href":"https:\/\/blogdoedvaldomagalhaes.com.br\/index.php\/wp-json\/wp\/v2\/posts\/80540","targetHints":{"allow":["GET"]}}],"collection":[{"href":"https:\/\/blogdoedvaldomagalhaes.com.br\/index.php\/wp-json\/wp\/v2\/posts"}],"about":[{"href":"https:\/\/blogdoedvaldomagalhaes.com.br\/index.php\/wp-json\/wp\/v2\/types\/post"}],"author":[{"embeddable":true,"href":"https:\/\/blogdoedvaldomagalhaes.com.br\/index.php\/wp-json\/wp\/v2\/users\/1"}],"replies":[{"embeddable":true,"href":"https:\/\/blogdoedvaldomagalhaes.com.br\/index.php\/wp-json\/wp\/v2\/comments?post=80540"}],"version-history":[{"count":1,"href":"https:\/\/blogdoedvaldomagalhaes.com.br\/index.php\/wp-json\/wp\/v2\/posts\/80540\/revisions"}],"predecessor-version":[{"id":80542,"href":"https:\/\/blogdoedvaldomagalhaes.com.br\/index.php\/wp-json\/wp\/v2\/posts\/80540\/revisions\/80542"}],"wp:featuredmedia":[{"embeddable":true,"href":"https:\/\/blogdoedvaldomagalhaes.com.br\/index.php\/wp-json\/wp\/v2\/media\/80541"}],"wp:attachment":[{"href":"https:\/\/blogdoedvaldomagalhaes.com.br\/index.php\/wp-json\/wp\/v2\/media?parent=80540"}],"wp:term":[{"taxonomy":"category","embeddable":true,"href":"https:\/\/blogdoedvaldomagalhaes.com.br\/index.php\/wp-json\/wp\/v2\/categories?post=80540"},{"taxonomy":"post_tag","embeddable":true,"href":"https:\/\/blogdoedvaldomagalhaes.com.br\/index.php\/wp-json\/wp\/v2\/tags?post=80540"}],"curies":[{"name":"wp","href":"https:\/\/api.w.org\/{rel}","templated":true}]}}