{"id":8054,"date":"2016-10-08T20:08:00","date_gmt":"2016-10-08T23:08:00","guid":{"rendered":"http:\/\/blogdoedvaldomagalhaes.com.br\/index.php\/2016\/10\/08\/morre-irmao-de-reporter-e-cinegrafista\/"},"modified":"2019-02-09T01:02:05","modified_gmt":"2019-02-09T03:02:05","slug":"morre-irmao-de-reporter-e-cinegrafista","status":"publish","type":"post","link":"https:\/\/blogdoedvaldomagalhaes.com.br\/index.php\/2016\/10\/08\/morre-irmao-de-reporter-e-cinegrafista\/","title":{"rendered":"Morre irm\u00e3o de rep\u00f3rter e cinegrafista do programa Sem Meias Palavras"},"content":{"rendered":"<div class=\"separator\" style=\"clear: both; text-align: center;\">\n<a href=\"https:\/\/3.bp.blogspot.com\/-XTlSRAADwQw\/V_lQK-V7LrI\/AAAAAAAAH2w\/Oo-oFIN4ABsjHRHUAzUvB0UY2FNQQ8KMgCLcB\/s1600\/irm%25C3%25A3o%2Bd%25C3%25A9.jpg\" imageanchor=\"1\" style=\"margin-left: 1em; margin-right: 1em;\"><img loading=\"lazy\" decoding=\"async\" border=\"0\" height=\"400\" src=\"http:\/\/blogdoedvaldomagalhaes.com.br\/wp-content\/uploads\/2016\/10\/irmC3A3odC3A9.jpg\" width=\"288\" \/><\/a><\/div>\n<div class=\"separator\" style=\"clear: both; text-align: center;\">\n<\/div>\n<div class=\"separator\" style=\"clear: both; text-align: justify;\">\nFaleceu neste s\u00e1bado (08), o irm\u00e3o de Reginaldo Souza (rep\u00f3rter) e Josias Souza (rep\u00f3rter cinematogr\u00e1fico), o&nbsp;cantor Irm\u00e3o D\u00e9, que residia em Brejo da Madre de Deus. Ele faleceu devido agravamento de c\u00e2ncer no p\u00e2ncreas. Jos\u00e9 Francisco de Souza, 54 anos, prestou seus servi\u00e7os durante um bom tempo a R\u00e1dio Liberdade de Caruaru. O vel\u00f3rio est\u00e1 sendo realizado na Igreja Assembl\u00e9ia de Deus, na rua Castelo Branco, pr\u00f3ximo da sede da Associa\u00e7\u00e3o dos Moradores, no bairro Agamenon Magalh\u00e3es, e o sepultamento ser\u00e1 \u00e0s 16h no Cemit\u00e9rio S\u00e3o Roque, em Caruaru.&nbsp;Descanse em paz e que Deus conforte a Fam\u00edlia.<\/div>\n<div class=\"separator\" style=\"clear: both; text-align: justify;\">\n<\/div>\n<div class=\"separator\" style=\"clear: both; text-align: justify;\">\nJosias Souza, postou no seu perfil no facebook: &#8220;Gente sem palavras nesta hora, \u00e9 com o cora\u00e7\u00e3o muito apertado que espalho esta not\u00edcia t\u00e3o triste. \u00c9 que a hora marcada chegou, Deus levou o meu irm\u00e3o para a sua companhia. Sentiremos a sua grande falta, mas o que nos conforta \u00e9 que ele foi para os bra\u00e7os do pai. Vai em paz meu irm\u00e3o. Te amo eternamente&#8221;.<\/div>\n<div class=\"separator\" style=\"clear: both; text-align: justify;\">\n<\/div>\n<div class=\"separator\" style=\"clear: both; text-align: justify;\">\nReginaldo Souza, postou no seu perfil no facebook: &#8220;Eita meu irm\u00e3o, como voc\u00ea falou na m\u00fasica que voc\u00ea gravou, porque \u00e0 hora marcada chegou, o sofrimento acabou.voc\u00ea foi um exemplo como eu falei pra voc\u00ea nos \u00faltimos momentos da sua vida, ontem voc\u00ea pegou na minha m\u00e3o e n\u00e3o queria soltar mais chamando meu nome, eu falei que voltava e hoje pela manh\u00e3 tive essa triste not\u00edcia. Vai com Deus mano, agente nunca vai esquecer de voc\u00ea, te amamos para sempre&#8221;.<\/div>\n<div class=\"_xlr\" style=\"background-color: white; padding: 0px 16px;\">\n<div style=\"text-align: justify;\">\n<\/div>\n<div class=\"separator\" style=\"clear: both; color: #1d2129; font-family: helvetica, arial, sans-serif; font-size: 12px; text-align: center;\">\n<a href=\"https:\/\/1.bp.blogspot.com\/-uP217Hq5JE4\/V_lQvT1RrvI\/AAAAAAAAH20\/Xl-0r5emztgaS6XNTf13Lba7D7nJElSewCLcB\/s1600\/d%25C3%25A9.jpg\" imageanchor=\"1\" style=\"margin-left: 1em; margin-right: 1em;\"><img loading=\"lazy\" decoding=\"async\" border=\"0\" height=\"385\" src=\"http:\/\/blogdoedvaldomagalhaes.com.br\/wp-content\/uploads\/2016\/10\/dC3A9.jpg\" width=\"400\" \/><\/a><\/div>\n<div class=\"pts fbPhotoLegacyTagList\" id=\"fbPhotoSnowliftLegacyTagList\" style=\"color: #1d2129; font-family: inherit; font-size: 12px; padding-top: 5px;\">\n<div style=\"font-family: inherit;\">\n<\/div>\n<\/div>\n<\/div>\n","protected":false},"excerpt":{"rendered":"<p>Faleceu neste s\u00e1bado (08), o irm\u00e3o de Reginaldo Souza (rep\u00f3rter) e Josias Souza (rep\u00f3rter cinematogr\u00e1fico), o&nbsp;cantor Irm\u00e3o D\u00e9, que residia&hellip;<\/p>\n","protected":false},"author":1,"featured_media":0,"comment_status":"open","ping_status":"open","sticky":false,"template":"","format":"standard","meta":{"footnotes":""},"categories":[1],"tags":[2,312,2083,11859,11860,6,11861],"class_list":["post-8054","post","type-post","status-publish","format-standard","hentry","category-sem-categoria","tag-blog-do-edvaldo-magalhaes","tag-hospital-regional-do-agreste","tag-hra","tag-josias-souza","tag-morre-irmao-de-reporter-e-cinegrafista-do-programa-sem-meias-palavras","tag-noticias","tag-reginaldo-souza"],"_links":{"self":[{"href":"https:\/\/blogdoedvaldomagalhaes.com.br\/index.php\/wp-json\/wp\/v2\/posts\/8054","targetHints":{"allow":["GET"]}}],"collection":[{"href":"https:\/\/blogdoedvaldomagalhaes.com.br\/index.php\/wp-json\/wp\/v2\/posts"}],"about":[{"href":"https:\/\/blogdoedvaldomagalhaes.com.br\/index.php\/wp-json\/wp\/v2\/types\/post"}],"author":[{"embeddable":true,"href":"https:\/\/blogdoedvaldomagalhaes.com.br\/index.php\/wp-json\/wp\/v2\/users\/1"}],"replies":[{"embeddable":true,"href":"https:\/\/blogdoedvaldomagalhaes.com.br\/index.php\/wp-json\/wp\/v2\/comments?post=8054"}],"version-history":[{"count":1,"href":"https:\/\/blogdoedvaldomagalhaes.com.br\/index.php\/wp-json\/wp\/v2\/posts\/8054\/revisions"}],"predecessor-version":[{"id":13118,"href":"https:\/\/blogdoedvaldomagalhaes.com.br\/index.php\/wp-json\/wp\/v2\/posts\/8054\/revisions\/13118"}],"wp:attachment":[{"href":"https:\/\/blogdoedvaldomagalhaes.com.br\/index.php\/wp-json\/wp\/v2\/media?parent=8054"}],"wp:term":[{"taxonomy":"category","embeddable":true,"href":"https:\/\/blogdoedvaldomagalhaes.com.br\/index.php\/wp-json\/wp\/v2\/categories?post=8054"},{"taxonomy":"post_tag","embeddable":true,"href":"https:\/\/blogdoedvaldomagalhaes.com.br\/index.php\/wp-json\/wp\/v2\/tags?post=8054"}],"curies":[{"name":"wp","href":"https:\/\/api.w.org\/{rel}","templated":true}]}}