{"id":80537,"date":"2022-02-24T09:38:33","date_gmt":"2022-02-24T12:38:33","guid":{"rendered":"https:\/\/blogdoedvaldomagalhaes.com.br\/?p=80537"},"modified":"2022-02-24T09:38:34","modified_gmt":"2022-02-24T12:38:34","slug":"idoso-mata-esposa-e-comete-suicidio","status":"publish","type":"post","link":"https:\/\/blogdoedvaldomagalhaes.com.br\/index.php\/2022\/02\/24\/idoso-mata-esposa-e-comete-suicidio\/","title":{"rendered":"Idoso mata esposa e comete suic\u00eddio"},"content":{"rendered":"<p style=\"text-align: justify;\"><span style=\"font-size: inherit;\">Um homic\u00eddio seguido de suic\u00eddio chocou os moradores da Rua Belo Horizonte, no bairro Boa Vista, na noite desta quarta-feira (23), no munic\u00edpio de Garanhuns, no Agreste.<\/span><\/p>\n<p style=\"text-align: justify;\">O idoso Jos\u00e9 Barboza de Azevedo, de 82 anos, matou a esposa Maria Petr\u00facia Ribeiro de Azevedo, de 65 anos e depois cometeu suic\u00eddio.<\/p>\n<p style=\"text-align: justify;\">O corpo da idosa estava com a cabe\u00e7a bastante machucada e foi encontrado em um dos quartos, o do homem estava pendurado por um fio na \u00e1rea de servi\u00e7o.<\/p>\n<p style=\"text-align: justify;\">Os corpos foram encontrados por familiares, eles informaram que o casal sofria de depress\u00e3o e o homem apresentava um quadro de esquizofrenia.<\/p>\n<p style=\"text-align: justify;\">A Pol\u00edcia Militar, o Instituto de Criminal\u00edstica e a Pol\u00edcia Civil estiveram no local, os corpos foram periciados e encaminhados para o Instituto de Medicina Legal (IML) de Caruaru.<\/p>\n<p style=\"text-align: justify;\">Por Agreste Violento<\/p>\n","protected":false},"excerpt":{"rendered":"<p>Um homic\u00eddio seguido de suic\u00eddio chocou os moradores da Rua Belo Horizonte, no bairro Boa Vista, na noite desta quarta-feira&hellip;<\/p>\n","protected":false},"author":1,"featured_media":80538,"comment_status":"open","ping_status":"open","sticky":false,"template":"","format":"standard","meta":{"footnotes":""},"categories":[14121],"tags":[2,19532,3406,3782,24066,10616],"class_list":["post-80537","post","type-post","status-publish","format-standard","has-post-thumbnail","hentry","category-policial","tag-blog-do-edvaldo-magalhaes","tag-blog-mais-acessado-e-visualizado-de-caruaru-e-regiao","tag-caruaru","tag-garanhuns","tag-idoso-mata-esposa-e-comete-suicidio","tag-pernambuco"],"_links":{"self":[{"href":"https:\/\/blogdoedvaldomagalhaes.com.br\/index.php\/wp-json\/wp\/v2\/posts\/80537","targetHints":{"allow":["GET"]}}],"collection":[{"href":"https:\/\/blogdoedvaldomagalhaes.com.br\/index.php\/wp-json\/wp\/v2\/posts"}],"about":[{"href":"https:\/\/blogdoedvaldomagalhaes.com.br\/index.php\/wp-json\/wp\/v2\/types\/post"}],"author":[{"embeddable":true,"href":"https:\/\/blogdoedvaldomagalhaes.com.br\/index.php\/wp-json\/wp\/v2\/users\/1"}],"replies":[{"embeddable":true,"href":"https:\/\/blogdoedvaldomagalhaes.com.br\/index.php\/wp-json\/wp\/v2\/comments?post=80537"}],"version-history":[{"count":1,"href":"https:\/\/blogdoedvaldomagalhaes.com.br\/index.php\/wp-json\/wp\/v2\/posts\/80537\/revisions"}],"predecessor-version":[{"id":80539,"href":"https:\/\/blogdoedvaldomagalhaes.com.br\/index.php\/wp-json\/wp\/v2\/posts\/80537\/revisions\/80539"}],"wp:featuredmedia":[{"embeddable":true,"href":"https:\/\/blogdoedvaldomagalhaes.com.br\/index.php\/wp-json\/wp\/v2\/media\/80538"}],"wp:attachment":[{"href":"https:\/\/blogdoedvaldomagalhaes.com.br\/index.php\/wp-json\/wp\/v2\/media?parent=80537"}],"wp:term":[{"taxonomy":"category","embeddable":true,"href":"https:\/\/blogdoedvaldomagalhaes.com.br\/index.php\/wp-json\/wp\/v2\/categories?post=80537"},{"taxonomy":"post_tag","embeddable":true,"href":"https:\/\/blogdoedvaldomagalhaes.com.br\/index.php\/wp-json\/wp\/v2\/tags?post=80537"}],"curies":[{"name":"wp","href":"https:\/\/api.w.org\/{rel}","templated":true}]}}