{"id":80534,"date":"2022-02-23T21:47:55","date_gmt":"2022-02-24T00:47:55","guid":{"rendered":"https:\/\/blogdoedvaldomagalhaes.com.br\/?p=80534"},"modified":"2022-02-23T21:47:56","modified_gmt":"2022-02-24T00:47:56","slug":"policia-militar-lanca-em-caruaru-operacao-patrulha-rural-comunitaria","status":"publish","type":"post","link":"https:\/\/blogdoedvaldomagalhaes.com.br\/index.php\/2022\/02\/23\/policia-militar-lanca-em-caruaru-operacao-patrulha-rural-comunitaria\/","title":{"rendered":"Pol\u00edcia Militar lan\u00e7a em Caruaru, Opera\u00e7\u00e3o Patrulha Rural Comunit\u00e1ria"},"content":{"rendered":"<p style=\"text-align: justify;\">A Pol\u00edcia Militar de Pernambuco lan\u00e7ou na manh\u00e3 desta quarta-feira (23), em Caruaru, no Agreste, a Opera\u00e7\u00e3o Patrulha Rural Comunit\u00e1ria. A solenidade aconteceu na sede do 4\u00ba BPM.<\/p>\n<p style=\"text-align: justify;\">A a\u00e7\u00e3o visa incrementar a seguran\u00e7a p\u00fablica no Agreste e Zona da Mata, com os novos policiais que se formaram recentemente. Eles passaram por uma fase de est\u00e1gio nas ruas, estando prontos para o trabalho efetivo.<\/p>\n<p style=\"text-align: justify;\">A opera\u00e7\u00e3o \u00e9 coordenada pela Diretoria Integrada do Interior (Dinter I). Os policiais ser\u00e3o distribu\u00eddos de acordo com a necessidade detectada de refor\u00e7o para determinadas \u00e1reas.<\/p>\n<p>Foto: Iza\u00edas Rodrigues\/R\u00e1dio Liberdade.<\/p>\n","protected":false},"excerpt":{"rendered":"<p>A Pol\u00edcia Militar de Pernambuco lan\u00e7ou na manh\u00e3 desta quarta-feira (23), em Caruaru, no Agreste, a Opera\u00e7\u00e3o Patrulha Rural Comunit\u00e1ria.&hellip;<\/p>\n","protected":false},"author":1,"featured_media":80535,"comment_status":"open","ping_status":"open","sticky":false,"template":"","format":"standard","meta":{"footnotes":""},"categories":[14121],"tags":[2,19532,3406,24065],"class_list":["post-80534","post","type-post","status-publish","format-standard","has-post-thumbnail","hentry","category-policial","tag-blog-do-edvaldo-magalhaes","tag-blog-mais-acessado-e-visualizado-de-caruaru-e-regiao","tag-caruaru","tag-policia-militar-lanca-em-caruaru-operacao-patrulha-rural-comunitaria"],"_links":{"self":[{"href":"https:\/\/blogdoedvaldomagalhaes.com.br\/index.php\/wp-json\/wp\/v2\/posts\/80534","targetHints":{"allow":["GET"]}}],"collection":[{"href":"https:\/\/blogdoedvaldomagalhaes.com.br\/index.php\/wp-json\/wp\/v2\/posts"}],"about":[{"href":"https:\/\/blogdoedvaldomagalhaes.com.br\/index.php\/wp-json\/wp\/v2\/types\/post"}],"author":[{"embeddable":true,"href":"https:\/\/blogdoedvaldomagalhaes.com.br\/index.php\/wp-json\/wp\/v2\/users\/1"}],"replies":[{"embeddable":true,"href":"https:\/\/blogdoedvaldomagalhaes.com.br\/index.php\/wp-json\/wp\/v2\/comments?post=80534"}],"version-history":[{"count":1,"href":"https:\/\/blogdoedvaldomagalhaes.com.br\/index.php\/wp-json\/wp\/v2\/posts\/80534\/revisions"}],"predecessor-version":[{"id":80536,"href":"https:\/\/blogdoedvaldomagalhaes.com.br\/index.php\/wp-json\/wp\/v2\/posts\/80534\/revisions\/80536"}],"wp:featuredmedia":[{"embeddable":true,"href":"https:\/\/blogdoedvaldomagalhaes.com.br\/index.php\/wp-json\/wp\/v2\/media\/80535"}],"wp:attachment":[{"href":"https:\/\/blogdoedvaldomagalhaes.com.br\/index.php\/wp-json\/wp\/v2\/media?parent=80534"}],"wp:term":[{"taxonomy":"category","embeddable":true,"href":"https:\/\/blogdoedvaldomagalhaes.com.br\/index.php\/wp-json\/wp\/v2\/categories?post=80534"},{"taxonomy":"post_tag","embeddable":true,"href":"https:\/\/blogdoedvaldomagalhaes.com.br\/index.php\/wp-json\/wp\/v2\/tags?post=80534"}],"curies":[{"name":"wp","href":"https:\/\/api.w.org\/{rel}","templated":true}]}}