{"id":8048,"date":"2016-10-09T14:30:00","date_gmt":"2016-10-09T17:30:00","guid":{"rendered":"http:\/\/blogdoedvaldomagalhaes.com.br\/index.php\/2016\/10\/09\/cinco-pessoas-sofrem-tentativas-de\/"},"modified":"2019-02-09T01:02:13","modified_gmt":"2019-02-09T03:02:13","slug":"cinco-pessoas-sofrem-tentativas-de","status":"publish","type":"post","link":"https:\/\/blogdoedvaldomagalhaes.com.br\/index.php\/2016\/10\/09\/cinco-pessoas-sofrem-tentativas-de\/","title":{"rendered":"Cinco pessoas sofrem tentativas de homic\u00eddio em Caruaru s\u00f3 no s\u00e1bado (08)"},"content":{"rendered":"<div class=\"separator\" style=\"clear: both; text-align: center;\">\n<a href=\"https:\/\/1.bp.blogspot.com\/-Hs4DHm71RrI\/V_pUawzAtVI\/AAAAAAAAH58\/1_5S3_BejlwQE8clSP3-EX-Pa69fE42rQCLcB\/s1600\/tentativa.jpg\" imageanchor=\"1\" style=\"margin-left: 1em; margin-right: 1em;\"><img loading=\"lazy\" decoding=\"async\" border=\"0\" height=\"268\" src=\"http:\/\/blogdoedvaldomagalhaes.com.br\/wp-content\/uploads\/2016\/10\/tentativa.jpg\" width=\"400\" \/><\/a><\/div>\n<div style=\"list-style: none; text-align: justify;\">\nA pol\u00edcia registrou tr\u00eas tentativas de homic\u00eddio neste s\u00e1bado (08), em Caruaru, Agreste de Pernambuco. Cinco pessoas foram baleadas, em diferentes pontos da cidade.<\/div>\n<div style=\"list-style: none; text-align: justify;\">\n<\/div>\n<div style=\"list-style: none; text-align: justify;\">\nO primeiro caso aconteceu na Vila Kennedy \u00e0s 15h30. Claudivan Jos\u00e9 de Oliveira, 36 anos, foi atingida por dois tiros. Ele foi socorrido pelo Samu para o Hospital Regional do Agreste (HRA).<\/div>\n<div style=\"list-style: none; text-align: justify;\">\n<\/div>\n<div style=\"list-style: none; text-align: justify;\">\nA segunda tentativa de homic\u00eddio aconteceu no bairro Petr\u00f3polis, \u00e0s 21h40, em um \u201cespetinho\u201d. Dois desconhecidos chegaram em uma moto e efetuaram v\u00e1rios disparos. Fabr\u00edcio Lucas Bezerra da Silva, 22 anos; Andr\u00e9 Luiz Ferreira da Silva; 30, e um adolescente de 17 anos, foram baleados e socorridos pelo Samu para o HRA.<\/div>\n<div style=\"list-style: none; text-align: justify;\">\n<\/div>\n<div style=\"list-style: none; text-align: justify;\">\nO terceiro caso de viol\u00eancia aconteceu no Alto da Balan\u00e7a, por volta das 23h30. Renato Nivaldo da Silva, 26 anos, foi baleado e socorrido pelo Samu tamb\u00e9m para o HRA.<\/div>\n<div style=\"list-style: none; text-align: justify;\">\n<\/div>\n<div style=\"list-style: none; text-align: justify;\">\nA pol\u00edcia iniciou todo o trabalho de investiga\u00e7\u00f5es das tr\u00eas tentativas de homic\u00eddio, mas nenhum suspeito foi preso at\u00e9 agora.<\/div>\n<div style=\"color: #333333; list-style: none; text-align: justify;\">\n<\/div>\n<div style=\"color: #333333; list-style: none; text-align: justify;\">\nCom informa\u00e7\u00f5es da R\u00e1dio Liberdade.<\/div>\n","protected":false},"excerpt":{"rendered":"<p>A pol\u00edcia registrou tr\u00eas tentativas de homic\u00eddio neste s\u00e1bado (08), em Caruaru, Agreste de Pernambuco. Cinco pessoas foram baleadas, em&hellip;<\/p>\n","protected":false},"author":1,"featured_media":0,"comment_status":"open","ping_status":"open","sticky":false,"template":"","format":"standard","meta":{"footnotes":""},"categories":[1],"tags":[11848,1326,2,11849,2083,13,5676],"class_list":["post-8048","post","type-post","status-publish","format-standard","hentry","category-sem-categoria","tag-alto-da-balanca","tag-bairro-petropolis","tag-blog-do-edvaldo-magalhaes","tag-cinco-pessoas-sofrem-tentativas-de-homicidio-em-caruaru-so-no-sabado-08","tag-hra","tag-policial","tag-vila-kennedy"],"_links":{"self":[{"href":"https:\/\/blogdoedvaldomagalhaes.com.br\/index.php\/wp-json\/wp\/v2\/posts\/8048","targetHints":{"allow":["GET"]}}],"collection":[{"href":"https:\/\/blogdoedvaldomagalhaes.com.br\/index.php\/wp-json\/wp\/v2\/posts"}],"about":[{"href":"https:\/\/blogdoedvaldomagalhaes.com.br\/index.php\/wp-json\/wp\/v2\/types\/post"}],"author":[{"embeddable":true,"href":"https:\/\/blogdoedvaldomagalhaes.com.br\/index.php\/wp-json\/wp\/v2\/users\/1"}],"replies":[{"embeddable":true,"href":"https:\/\/blogdoedvaldomagalhaes.com.br\/index.php\/wp-json\/wp\/v2\/comments?post=8048"}],"version-history":[{"count":1,"href":"https:\/\/blogdoedvaldomagalhaes.com.br\/index.php\/wp-json\/wp\/v2\/posts\/8048\/revisions"}],"predecessor-version":[{"id":13136,"href":"https:\/\/blogdoedvaldomagalhaes.com.br\/index.php\/wp-json\/wp\/v2\/posts\/8048\/revisions\/13136"}],"wp:attachment":[{"href":"https:\/\/blogdoedvaldomagalhaes.com.br\/index.php\/wp-json\/wp\/v2\/media?parent=8048"}],"wp:term":[{"taxonomy":"category","embeddable":true,"href":"https:\/\/blogdoedvaldomagalhaes.com.br\/index.php\/wp-json\/wp\/v2\/categories?post=8048"},{"taxonomy":"post_tag","embeddable":true,"href":"https:\/\/blogdoedvaldomagalhaes.com.br\/index.php\/wp-json\/wp\/v2\/tags?post=8048"}],"curies":[{"name":"wp","href":"https:\/\/api.w.org\/{rel}","templated":true}]}}