{"id":8040,"date":"2016-10-10T01:19:00","date_gmt":"2016-10-10T04:19:00","guid":{"rendered":"http:\/\/blogdoedvaldomagalhaes.com.br\/index.php\/2016\/10\/10\/vereadores-do-prp-declaram-apoio-tony\/"},"modified":"2019-02-09T01:02:18","modified_gmt":"2019-02-09T03:02:18","slug":"vereadores-do-prp-declaram-apoio-tony","status":"publish","type":"post","link":"https:\/\/blogdoedvaldomagalhaes.com.br\/index.php\/2016\/10\/10\/vereadores-do-prp-declaram-apoio-tony\/","title":{"rendered":"Vereadores eleitos pelo PRP declaram apoio a Tony Gel"},"content":{"rendered":"<div class=\"separator\" style=\"clear: both; text-align: center;\">\n<a href=\"https:\/\/2.bp.blogspot.com\/-_IyfguwwY38\/V_rsXFnbxMI\/AAAAAAAAH8U\/ZsN9i5RL0U4x9W59wiIel7vpypV5f06NQCLcB\/s1600\/tony.jpg\" imageanchor=\"1\" style=\"margin-left: 1em; margin-right: 1em;\"><img loading=\"lazy\" decoding=\"async\" border=\"0\" height=\"266\" src=\"http:\/\/blogdoedvaldomagalhaes.com.br\/wp-content\/uploads\/2016\/10\/tony-5.jpg\" width=\"400\" \/><\/a><\/div>\n<p><br style=\"background-color: white; color: #222222; font-family: arial, sans-serif; font-size: 12.8px;\" \/><\/p>\n<div style=\"text-align: justify;\">\nA campanha pol\u00edtica do candidato a prefeito de Caruaru, Tony Gel (PMDB), ganha um grande refor\u00e7o neste segundo turno. Alberes Lopes, Tafarel e Presbit\u00e9rio Andrey Gouveia, eleitos vereadores pelo PRP (Partido Republicano Progressista), declararam apoio \u00e0 candidatura do peemedebista no \u00faltimo s\u00e1bado (08). O an\u00fancio foi feito durante encontro do &#8216;Todos com Tony&#8217; realizado no Comit\u00ea Central com a presen\u00e7a de lideran\u00e7as pol\u00edticas da zona urbana e rural, e dos candidatos a vereador que disputaram as elei\u00e7\u00f5es este ano.<\/div>\n<p><\/p>\n<div style=\"text-align: justify;\">\n<\/div>\n<div style=\"text-align: justify;\">\n&#8220;Terminou a elei\u00e7\u00e3o no dia dois e eles vieram apoiar a nossa candidatura. Fizemos uma campanha de muito respeito e por isso eles est\u00e3o conosco. O partido veio nos apoiar porque sabe que o nosso acordo \u00e9 com o povo de Caruaru de forma clara&#8221;, enfatizou Tony Gel. O PRP concorreu \u00e0s elei\u00e7\u00f5es no primeiro turno em coliga\u00e7\u00e3o advers\u00e1ria.<\/p>\n<div class=\"separator\" style=\"clear: both; text-align: center;\">\n<a href=\"https:\/\/3.bp.blogspot.com\/-wD9Qn7kEb-o\/V_rzZ8ml1bI\/AAAAAAAAH8s\/lxN7ihU_1w0Bq-xGJfoJ4fVGLzEMQzdMwCLcB\/s1600\/tafarel.jpg\" imageanchor=\"1\" style=\"margin-left: 1em; margin-right: 1em;\"><img loading=\"lazy\" decoding=\"async\" border=\"0\" height=\"400\" src=\"http:\/\/blogdoedvaldomagalhaes.com.br\/wp-content\/uploads\/2016\/10\/tafarel.jpg\" width=\"341\" \/><\/a><\/div>\n<div style=\"text-align: center;\">\n&nbsp;Tafarel obteve 2.655 votos<\/div>\n<div class=\"separator\" style=\"clear: both; text-align: center;\">\n<a href=\"https:\/\/2.bp.blogspot.com\/-cDo24lfX31c\/V_rzbPKrFmI\/AAAAAAAAH8w\/LH2vhrzpzv8XsZ0UoA1wp0r38xwiQvk_gCLcB\/s1600\/presbitero%255B.jpg\" imageanchor=\"1\" style=\"margin-left: 1em; margin-right: 1em;\"><img loading=\"lazy\" decoding=\"async\" border=\"0\" height=\"400\" src=\"http:\/\/blogdoedvaldomagalhaes.com.br\/wp-content\/uploads\/2016\/10\/presbitero5B.jpg\" width=\"400\" \/><\/a><\/div>\n<div style=\"text-align: center;\">\n&nbsp;Pb. Andrey Gouveia obteve 2.615 votos<\/div>\n<div class=\"separator\" style=\"clear: both; text-align: center;\">\n<a href=\"https:\/\/4.bp.blogspot.com\/-LWljcmvqp_s\/V_rzckJzAII\/AAAAAAAAH80\/7DNwCUDgSVI4PF3QKukEqseolETspjl-gCLcB\/s1600\/alberes.jpg\" imageanchor=\"1\" style=\"margin-left: 1em; margin-right: 1em;\"><img loading=\"lazy\" decoding=\"async\" border=\"0\" height=\"400\" src=\"http:\/\/blogdoedvaldomagalhaes.com.br\/wp-content\/uploads\/2016\/10\/alberes.jpg\" width=\"400\" \/><\/a><\/div>\n<div class=\"separator\" style=\"clear: both; text-align: center;\">\nAlberes Lopes obteve 1.729 votos<\/div>\n<\/div>\n","protected":false},"excerpt":{"rendered":"<p>A campanha pol\u00edtica do candidato a prefeito de Caruaru, Tony Gel (PMDB), ganha um grande refor\u00e7o neste segundo turno. Alberes&hellip;<\/p>\n","protected":false},"author":1,"featured_media":0,"comment_status":"open","ping_status":"open","sticky":false,"template":"","format":"standard","meta":{"footnotes":""},"categories":[1],"tags":[2155,2,11431,4966,4575,10433,11835],"class_list":["post-8040","post","type-post","status-publish","format-standard","hentry","category-sem-categoria","tag-alberes-lopes","tag-blog-do-edvaldo-magalhaes","tag-eleicoes-2016","tag-pmdb","tag-presbitero-andrey-gouveia","tag-tafarel","tag-vereadores-do-prp-declaram-apoio-a-tony-gel"],"_links":{"self":[{"href":"https:\/\/blogdoedvaldomagalhaes.com.br\/index.php\/wp-json\/wp\/v2\/posts\/8040","targetHints":{"allow":["GET"]}}],"collection":[{"href":"https:\/\/blogdoedvaldomagalhaes.com.br\/index.php\/wp-json\/wp\/v2\/posts"}],"about":[{"href":"https:\/\/blogdoedvaldomagalhaes.com.br\/index.php\/wp-json\/wp\/v2\/types\/post"}],"author":[{"embeddable":true,"href":"https:\/\/blogdoedvaldomagalhaes.com.br\/index.php\/wp-json\/wp\/v2\/users\/1"}],"replies":[{"embeddable":true,"href":"https:\/\/blogdoedvaldomagalhaes.com.br\/index.php\/wp-json\/wp\/v2\/comments?post=8040"}],"version-history":[{"count":1,"href":"https:\/\/blogdoedvaldomagalhaes.com.br\/index.php\/wp-json\/wp\/v2\/posts\/8040\/revisions"}],"predecessor-version":[{"id":13154,"href":"https:\/\/blogdoedvaldomagalhaes.com.br\/index.php\/wp-json\/wp\/v2\/posts\/8040\/revisions\/13154"}],"wp:attachment":[{"href":"https:\/\/blogdoedvaldomagalhaes.com.br\/index.php\/wp-json\/wp\/v2\/media?parent=8040"}],"wp:term":[{"taxonomy":"category","embeddable":true,"href":"https:\/\/blogdoedvaldomagalhaes.com.br\/index.php\/wp-json\/wp\/v2\/categories?post=8040"},{"taxonomy":"post_tag","embeddable":true,"href":"https:\/\/blogdoedvaldomagalhaes.com.br\/index.php\/wp-json\/wp\/v2\/tags?post=8040"}],"curies":[{"name":"wp","href":"https:\/\/api.w.org\/{rel}","templated":true}]}}