{"id":8012,"date":"2016-10-13T08:02:00","date_gmt":"2016-10-13T11:02:00","guid":{"rendered":"http:\/\/blogdoedvaldomagalhaes.com.br\/index.php\/2016\/10\/13\/tony-gel-lidera-em-caruaru-de-acordo\/"},"modified":"2019-02-09T01:02:35","modified_gmt":"2019-02-09T03:02:35","slug":"tony-gel-lidera-em-caruaru-de-acordo","status":"publish","type":"post","link":"https:\/\/blogdoedvaldomagalhaes.com.br\/index.php\/2016\/10\/13\/tony-gel-lidera-em-caruaru-de-acordo\/","title":{"rendered":"Tony Gel lidera em Caruaru, de acordo com Pesquisa Datam\u00e9trica\/Di\u00e1rio de Pernambuco"},"content":{"rendered":"<div id=\"resize\" style=\"margin-top: 40px; text-align: justify;\">\n<div style=\"text-align: justify;\">\n<div class=\"separator\" style=\"clear: both; font-size: 15px; text-align: center;\">\n<a href=\"https:\/\/4.bp.blogspot.com\/-kVxRPBvsql8\/V_9CSaD01YI\/AAAAAAAAIGU\/ZnWMXqbVk5oh19G5_qCyPmr7iv1UndjWgCLcB\/s1600\/tony.jpg\" imageanchor=\"1\" style=\"margin-left: 1em; margin-right: 1em;\"><img loading=\"lazy\" decoding=\"async\" border=\"0\" height=\"172\" src=\"http:\/\/blogdoedvaldomagalhaes.com.br\/wp-content\/uploads\/2016\/10\/tony-8.jpg\" width=\"400\" \/><\/a><\/div>\n<div style=\"font-size: 15px;\">\n<\/div>\n<p>Divulgada nesta quinta-feira (13)<br \/>\npesquisa Datam\u00e9trica\/Diario de Pernambuco para o 2\u00ba turno das elei\u00e7\u00f5es<br \/>\nmunicipais em Caruaru. De acordo com o levantamento, Tony Gel leva boa vantagem na disputa pela<br \/>\nPrefeitura.<\/p>\n<\/div>\n<div style=\"text-align: justify;\">\n<\/div>\n<div style=\"text-align: justify;\">\nO candidato Tony Gel, do PMDB, lidera<br \/>\ncom 46,21% das inten\u00e7\u00f5es de votos estimuladas. A candidata Raquel Lyra,<br \/>\ndo PSDB, aparece com 39,50%.<\/p>\n<\/div>\n<div style=\"text-align: justify;\">\n<\/div>\n<div style=\"text-align: justify;\">\nBrancos e nulos 4,30% e n\u00e3o sabem ou n\u00e3o opinaram 10%.&nbsp;Em votos v\u00e1lidos o peemedebista&nbsp;atingiria 54,23% enquanto a tucana teria 45,77%. A margem de erro \u00e9 de tr\u00eas pontos percentuais para mais ou para menos.<\/p>\n<div style=\"text-align: justify;\">\n<\/div>\n<\/div>\n<div style=\"text-align: justify;\">\n<\/div>\n<div style=\"text-align: justify;\">\nO levantamento foi realizado no dia 8 de outubro e ouviu 1.050 entrevistados.<\/div>\n<div style=\"text-align: justify;\">\n<\/div>\n<div style=\"text-align: justify;\">\nA pesquisa foi registrada no Tribunal Regional Eleitoral (TRE) sob protocolo PE-06501\/2016<\/p>\n<div class=\"separator\" style=\"clear: both; text-align: center;\">\n<a href=\"https:\/\/2.bp.blogspot.com\/-5EmXQBOoDRE\/V__riNYYClI\/AAAAAAAAIII\/TrPHhVZJCyw1TSmzHv0J8aZObZr_R9bAACLcB\/s1600\/tony.jpg\" imageanchor=\"1\" style=\"margin-left: 1em; margin-right: 1em;\"><img loading=\"lazy\" decoding=\"async\" border=\"0\" height=\"246\" src=\"http:\/\/blogdoedvaldomagalhaes.com.br\/wp-content\/uploads\/2016\/10\/tony-9.jpg\" width=\"400\" \/><\/a><\/div>\n<\/div>\n<\/div>\n","protected":false},"excerpt":{"rendered":"<p>Divulgada nesta quinta-feira (13) pesquisa Datam\u00e9trica\/Diario de Pernambuco para o 2\u00ba turno das elei\u00e7\u00f5es municipais em Caruaru. De acordo com&hellip;<\/p>\n","protected":false},"author":1,"featured_media":0,"comment_status":"open","ping_status":"open","sticky":false,"template":"","format":"standard","meta":{"footnotes":""},"categories":[1],"tags":[2,11786,11431,4966,1951,11787],"class_list":["post-8012","post","type-post","status-publish","format-standard","hentry","category-sem-categoria","tag-blog-do-edvaldo-magalhaes","tag-de-acordo-com-pesquisa-datametrica","tag-eleicoes-2016","tag-pmdb","tag-psdb","tag-tony-gel-lidera-em-caruaru"],"_links":{"self":[{"href":"https:\/\/blogdoedvaldomagalhaes.com.br\/index.php\/wp-json\/wp\/v2\/posts\/8012","targetHints":{"allow":["GET"]}}],"collection":[{"href":"https:\/\/blogdoedvaldomagalhaes.com.br\/index.php\/wp-json\/wp\/v2\/posts"}],"about":[{"href":"https:\/\/blogdoedvaldomagalhaes.com.br\/index.php\/wp-json\/wp\/v2\/types\/post"}],"author":[{"embeddable":true,"href":"https:\/\/blogdoedvaldomagalhaes.com.br\/index.php\/wp-json\/wp\/v2\/users\/1"}],"replies":[{"embeddable":true,"href":"https:\/\/blogdoedvaldomagalhaes.com.br\/index.php\/wp-json\/wp\/v2\/comments?post=8012"}],"version-history":[{"count":1,"href":"https:\/\/blogdoedvaldomagalhaes.com.br\/index.php\/wp-json\/wp\/v2\/posts\/8012\/revisions"}],"predecessor-version":[{"id":13223,"href":"https:\/\/blogdoedvaldomagalhaes.com.br\/index.php\/wp-json\/wp\/v2\/posts\/8012\/revisions\/13223"}],"wp:attachment":[{"href":"https:\/\/blogdoedvaldomagalhaes.com.br\/index.php\/wp-json\/wp\/v2\/media?parent=8012"}],"wp:term":[{"taxonomy":"category","embeddable":true,"href":"https:\/\/blogdoedvaldomagalhaes.com.br\/index.php\/wp-json\/wp\/v2\/categories?post=8012"},{"taxonomy":"post_tag","embeddable":true,"href":"https:\/\/blogdoedvaldomagalhaes.com.br\/index.php\/wp-json\/wp\/v2\/tags?post=8012"}],"curies":[{"name":"wp","href":"https:\/\/api.w.org\/{rel}","templated":true}]}}