{"id":7991,"date":"2016-10-15T12:04:00","date_gmt":"2016-10-15T15:04:00","guid":{"rendered":"http:\/\/blogdoedvaldomagalhaes.com.br\/index.php\/2016\/10\/15\/horario-de-verao-comeca-neste-domingo-2\/"},"modified":"2019-02-09T01:02:54","modified_gmt":"2019-02-09T03:02:54","slug":"horario-de-verao-comeca-neste-domingo-2","status":"publish","type":"post","link":"https:\/\/blogdoedvaldomagalhaes.com.br\/index.php\/2016\/10\/15\/horario-de-verao-comeca-neste-domingo-2\/","title":{"rendered":"Hor\u00e1rio de ver\u00e3o come\u00e7a neste domingo em algumas regi\u00f5es do pa\u00eds"},"content":{"rendered":"<div id=\"resize\" style=\"font-size: 15px; list-style: none; margin-top: 40px; text-align: justify;\">\n<div class=\"separator\" style=\"clear: both; text-align: center;\">\n<a href=\"https:\/\/1.bp.blogspot.com\/-nj-78a4c2N4\/WAIa6Cy0gGI\/AAAAAAAAIOY\/tDmBYppV3PgKxsNkg-jPCxHCDa231-Q4wCLcB\/s1600\/hor%25C3%25A1rio.jpg\" imageanchor=\"1\" style=\"margin-left: 1em; margin-right: 1em;\"><img loading=\"lazy\" decoding=\"async\" border=\"0\" height=\"246\" src=\"http:\/\/blogdoedvaldomagalhaes.com.br\/wp-content\/uploads\/2016\/10\/horC3A1rio.jpg\" width=\"400\" \/><\/a><\/div>\n<div style=\"list-style: none;\">\n<\/div>\n<div style=\"list-style: none;\">\nCome\u00e7a neste domingo (16) o hor\u00e1rio de ver\u00e3o nos Estados das Regi\u00f5es, Sul, Sudeste e Centro-Oeste. Os rel\u00f3gios devem ser adiantados em uma hora.<\/div>\n<div style=\"list-style: none;\">\n&nbsp;<\/div>\n<div style=\"list-style: none;\">\nO objetivo da medida, adotada no Brasil desde 1931, \u00e9 proporcionar economia de energia, com menor consumo no hor\u00e1rio de pico (entre as 18h e as 21h), pelo aproveitamento maior da luminosidade natural.<\/div>\n<div style=\"list-style: none;\">\n&nbsp;<\/div>\n<div style=\"list-style: none;\">\nOs Estados do Norte e Nordeste n\u00e3o entram no hor\u00e1rio de ver\u00e3o, mas mexe com a rotina de muita gente. \u00c9 que os bancos ir\u00e3o abrir uma hora mais cedo. Em Caruaru, o atendimento ao p\u00fablico ser\u00e1 das 9h \u00e0s 14h.<\/div>\n<div style=\"list-style: none;\">\n&nbsp;<\/div>\n<div style=\"list-style: none;\">\nDe acordo com o Minist\u00e9rio de Minas e Energia, a mudan\u00e7a prev\u00ea fins lucrativos de 147 milh\u00f5es e meio de reais para o sistema el\u00e9trico. O hor\u00e1rio de ver\u00e3o vai at\u00e9 o dia 19 de fevereiro do ano de 2017.<\/div>\n<div style=\"color: #333333; font-family: &quot;Open Sans&quot;, sans-serif;\">\n<\/div>\n<\/div>\n","protected":false},"excerpt":{"rendered":"<p>Come\u00e7a neste domingo (16) o hor\u00e1rio de ver\u00e3o nos Estados das Regi\u00f5es, Sul, Sudeste e Centro-Oeste. Os rel\u00f3gios devem ser&hellip;<\/p>\n","protected":false},"author":1,"featured_media":0,"comment_status":"open","ping_status":"open","sticky":false,"template":"","format":"standard","meta":{"footnotes":""},"categories":[1],"tags":[2,11740,3406,11741,6],"class_list":["post-7991","post","type-post","status-publish","format-standard","hentry","category-sem-categoria","tag-blog-do-edvaldo-magalhaes","tag-brasil","tag-caruaru","tag-horario-de-verao-comeca-neste-domingo-em-algumas-regioes-do-pais","tag-noticias"],"_links":{"self":[{"href":"https:\/\/blogdoedvaldomagalhaes.com.br\/index.php\/wp-json\/wp\/v2\/posts\/7991","targetHints":{"allow":["GET"]}}],"collection":[{"href":"https:\/\/blogdoedvaldomagalhaes.com.br\/index.php\/wp-json\/wp\/v2\/posts"}],"about":[{"href":"https:\/\/blogdoedvaldomagalhaes.com.br\/index.php\/wp-json\/wp\/v2\/types\/post"}],"author":[{"embeddable":true,"href":"https:\/\/blogdoedvaldomagalhaes.com.br\/index.php\/wp-json\/wp\/v2\/users\/1"}],"replies":[{"embeddable":true,"href":"https:\/\/blogdoedvaldomagalhaes.com.br\/index.php\/wp-json\/wp\/v2\/comments?post=7991"}],"version-history":[{"count":1,"href":"https:\/\/blogdoedvaldomagalhaes.com.br\/index.php\/wp-json\/wp\/v2\/posts\/7991\/revisions"}],"predecessor-version":[{"id":13292,"href":"https:\/\/blogdoedvaldomagalhaes.com.br\/index.php\/wp-json\/wp\/v2\/posts\/7991\/revisions\/13292"}],"wp:attachment":[{"href":"https:\/\/blogdoedvaldomagalhaes.com.br\/index.php\/wp-json\/wp\/v2\/media?parent=7991"}],"wp:term":[{"taxonomy":"category","embeddable":true,"href":"https:\/\/blogdoedvaldomagalhaes.com.br\/index.php\/wp-json\/wp\/v2\/categories?post=7991"},{"taxonomy":"post_tag","embeddable":true,"href":"https:\/\/blogdoedvaldomagalhaes.com.br\/index.php\/wp-json\/wp\/v2\/tags?post=7991"}],"curies":[{"name":"wp","href":"https:\/\/api.w.org\/{rel}","templated":true}]}}