{"id":7990,"date":"2016-10-15T12:10:00","date_gmt":"2016-10-15T15:10:00","guid":{"rendered":"http:\/\/blogdoedvaldomagalhaes.com.br\/index.php\/2016\/10\/15\/santas-sao-homenageadas-partir-deste\/"},"modified":"2019-02-09T01:02:55","modified_gmt":"2019-02-09T03:02:55","slug":"santas-sao-homenageadas-partir-deste","status":"publish","type":"post","link":"https:\/\/blogdoedvaldomagalhaes.com.br\/index.php\/2016\/10\/15\/santas-sao-homenageadas-partir-deste\/","title":{"rendered":"Santas s\u00e3o homenageadas a partir deste s\u00e1bado em Caruaru"},"content":{"rendered":"<div class=\"separator\" style=\"clear: both; text-align: center;\">\n<\/div>\n<div style=\"color: #333333; font-family: &quot;Open Sans&quot;, sans-serif; font-size: 15px; list-style: none; text-align: justify;\">\n<div class=\"separator\" style=\"clear: both; text-align: center;\">\n<a href=\"https:\/\/2.bp.blogspot.com\/-hPL6rDJFeus\/WAJptkTIURI\/AAAAAAAAIQY\/sUKdVWMD3zQISs8VplUJFz3tB4oIEnL3ACLcB\/s1600\/santas.jpg\" imageanchor=\"1\" style=\"margin-left: 1em; margin-right: 1em;\"><img loading=\"lazy\" decoding=\"async\" border=\"0\" height=\"252\" src=\"http:\/\/blogdoedvaldomagalhaes.com.br\/wp-content\/uploads\/2016\/10\/santas.jpg\" width=\"400\" \/><\/a><\/div>\n<p><\/div>\n<div style=\"color: #333333; font-family: &quot;Open Sans&quot;, sans-serif; font-size: 15px; list-style: none; text-align: justify;\">\nDuas par\u00f3quias de Caruaru iniciam neste s\u00e1bado (15) homenagens a Nossa Senhora do Ros\u00e1rio e Nossa Senhora de F\u00e1tima.<\/div>\n<div style=\"color: #333333; font-family: &quot;Open Sans&quot;, sans-serif; font-size: 15px; list-style: none; text-align: justify;\">\n<\/div>\n<div style=\"color: #333333; font-family: &quot;Open Sans&quot;, sans-serif; font-size: 15px; list-style: none; text-align: justify;\">\nNa Igreja do Ros\u00e1rio, que est\u00e1 completando 75 anos, a programa\u00e7\u00e3o ter\u00e1 in\u00edcio com prociss\u00e3o e missa. No domingo (16) \u00e0s 07h30 Missa com Pe. Jos\u00e9 Bartolomeu F. Lima e coral Estrela da Manh\u00e3. \u00c0s 19h Medita\u00e7\u00e3o do Ter\u00e7o, \u00e1s 19h30 Missa celebrada por Frei Lu\u00eds Vieira e Coral Minist\u00e9rio de M\u00fasica S\u00e3o Sebasti\u00e3o. Noiteiros: Pastoral da Fam\u00edlia e Ordem Terceira Franciscana Secular, Escola de Medita\u00e7\u00e3o e Pastoral da Fraternidade. Atra\u00e7\u00e3o: Bandinha do EAC<\/div>\n","protected":false},"excerpt":{"rendered":"<p>Duas par\u00f3quias de Caruaru iniciam neste s\u00e1bado (15) homenagens a Nossa Senhora do Ros\u00e1rio e Nossa Senhora de F\u00e1tima. Na&hellip;<\/p>\n","protected":false},"author":1,"featured_media":0,"comment_status":"open","ping_status":"open","sticky":false,"template":"","format":"standard","meta":{"footnotes":""},"categories":[1],"tags":[2,6,11739],"class_list":["post-7990","post","type-post","status-publish","format-standard","hentry","category-sem-categoria","tag-blog-do-edvaldo-magalhaes","tag-noticias","tag-santas-sao-homenageadas-a-partir-deste-sabado-em-caruaru"],"_links":{"self":[{"href":"https:\/\/blogdoedvaldomagalhaes.com.br\/index.php\/wp-json\/wp\/v2\/posts\/7990","targetHints":{"allow":["GET"]}}],"collection":[{"href":"https:\/\/blogdoedvaldomagalhaes.com.br\/index.php\/wp-json\/wp\/v2\/posts"}],"about":[{"href":"https:\/\/blogdoedvaldomagalhaes.com.br\/index.php\/wp-json\/wp\/v2\/types\/post"}],"author":[{"embeddable":true,"href":"https:\/\/blogdoedvaldomagalhaes.com.br\/index.php\/wp-json\/wp\/v2\/users\/1"}],"replies":[{"embeddable":true,"href":"https:\/\/blogdoedvaldomagalhaes.com.br\/index.php\/wp-json\/wp\/v2\/comments?post=7990"}],"version-history":[{"count":1,"href":"https:\/\/blogdoedvaldomagalhaes.com.br\/index.php\/wp-json\/wp\/v2\/posts\/7990\/revisions"}],"predecessor-version":[{"id":13294,"href":"https:\/\/blogdoedvaldomagalhaes.com.br\/index.php\/wp-json\/wp\/v2\/posts\/7990\/revisions\/13294"}],"wp:attachment":[{"href":"https:\/\/blogdoedvaldomagalhaes.com.br\/index.php\/wp-json\/wp\/v2\/media?parent=7990"}],"wp:term":[{"taxonomy":"category","embeddable":true,"href":"https:\/\/blogdoedvaldomagalhaes.com.br\/index.php\/wp-json\/wp\/v2\/categories?post=7990"},{"taxonomy":"post_tag","embeddable":true,"href":"https:\/\/blogdoedvaldomagalhaes.com.br\/index.php\/wp-json\/wp\/v2\/tags?post=7990"}],"curies":[{"name":"wp","href":"https:\/\/api.w.org\/{rel}","templated":true}]}}